{"id":2919,"date":"2018-01-24T12:42:59","date_gmt":"2018-01-24T18:42:59","guid":{"rendered":"https:\/\/radiocristianaenlinea.com\/radiocristiana\/?p=2919"},"modified":"2018-01-24T12:42:59","modified_gmt":"2018-01-24T18:42:59","slug":"pan-diario-24-de-enero-2018","status":"publish","type":"post","link":"https:\/\/radiocristianaenlinea.com\/radiocristiana\/2018\/01\/24\/pan-diario-24-de-enero-2018\/","title":{"rendered":"Pan Diario 24 de Enero 2018"},"content":{"rendered":"<p>\n<strong>Ens\u00e9\u00f1ame t\u00fa lo que yo no veo.<br \/>\nJob 34:32<\/strong><\/p>\n<p><strong>Crea en m\u00ed, oh Dios, un coraz\u00f3n limpio.<br \/>\nSalmo 51:10<\/strong><\/p>\n<p>Lo que me mostr\u00f3 la Biblia<\/p>\n<p><strong>Testimonio<\/strong><\/p>\n<p>\u00abCuando era ni\u00f1o vi c\u00f3mo mis padres se agred\u00edan verbalmente. En la escuela vi c\u00f3mo mis compa\u00f1eros se peleaban por un l\u00e1piz. Cuando era joven presenci\u00e9 la violencia de los chicos de la calle. En el mundo del trabajo observ\u00e9 luchas por el poder, injusticias, promesas incumplidas, mentiras, hipocres\u00eda&#8230; En el hogar vi enga\u00f1os, intolerancia y traiciones. No vi de cerca grandes actos de delincuencia, tampoco viv\u00ed la guerra, pero vi im\u00e1genes de ella. En todas las esferas de la sociedad, en la familia, tanto en los contextos ricos como en los m\u00e1s modestos, vi en qu\u00e9 se convirti\u00f3 el hombre abandonado a sus pasiones: orgulloso, pretencioso, mentiroso, infiel, perezoso, irascible, hip\u00f3crita, codicioso&#8230;<\/p>\n<p>Luego la Biblia surgi\u00f3 en mi vida y me vi a m\u00ed mismo, descubr\u00ed lo que hay en mi coraz\u00f3n. \u00a1Hab\u00eda visto muy bien los errores de los dem\u00e1s, pero no los m\u00edos! La Biblia me mostr\u00f3 primeramente a Dios el creador. Luego me mostr\u00f3 a Jes\u00fas, el hombre perfecto, el Hijo de Dios. Me habl\u00f3 del pecado. Era un espejo en el que me vi por primera vez como un hombre desfigurado debido a las numerosas y profundas marcas del pecado. La Biblia me mostr\u00f3 claramente mi fealdad interior, me mostr\u00f3 que era incapaz de mejorarme por m\u00ed mismo. Entonces se me present\u00f3 como el \u00fanico y \u00faltimo remedio\u00bb.<\/p>\n<p>\u201cTodo hombre sea pronto para o\u00edr, tardo para hablar, tardo para airarse; porque la ira del hombre no obra la justicia de Dios. Por lo cual, desechando toda inmundicia y abundancia de malicia, recibid con mansedumbre la palabra implantada, la cual puede salvar vuestras almas\u201d ? Gloria a Dios? gracias Se\u00f1or Jesucristo por tu gran amor?<\/p>\n","protected":false},"excerpt":{"rendered":"<p>Ens\u00e9\u00f1ame t\u00fa lo que yo no veo. Job 34:32 Crea en m\u00ed, oh Dios, un coraz\u00f3n limpio. Salmo 51:10 Lo que me mostr\u00f3 la Biblia Testimonio \u00abCuando era ni\u00f1o vi c\u00f3mo mis padres se agred\u00edan verbalmente. En la escuela vi c\u00f3mo mis compa\u00f1eros se peleaban por un l\u00e1piz. Cuando era joven presenci\u00e9 la violencia de [&hellip;]<\/p>\n","protected":false},"author":1,"featured_media":2920,"comment_status":"closed","ping_status":"closed","sticky":false,"template":"","format":"standard","meta":{"_crdt_document":"","_monsterinsights_skip_tracking":false,"_monsterinsights_sitenote_active":false,"_monsterinsights_sitenote_note":"","_monsterinsights_sitenote_category":0,"footnotes":""},"categories":[8,174],"tags":[296,297,294,48,72,295],"class_list":{"0":"post-2919","1":"post","2":"type-post","3":"status-publish","4":"format-standard","5":"has-post-thumbnail","6":"hentry","7":"category-reflexiones","8":"category-pan-diario","9":"tag-job-3432","10":"tag-la-radio-que-te-da-paz","11":"tag-lecturas-edificantes","12":"tag-radiocristianaenlinea","13":"tag-radiocristianaenlinea-com","14":"tag-salmo-5110","16":"post-with-thumbnail","17":"post-with-thumbnail-large"},"aioseo_notices":[],"_links":{"self":[{"href":"https:\/\/radiocristianaenlinea.com\/radiocristiana\/wp-json\/wp\/v2\/posts\/2919","targetHints":{"allow":["GET"]}}],"collection":[{"href":"https:\/\/radiocristianaenlinea.com\/radiocristiana\/wp-json\/wp\/v2\/posts"}],"about":[{"href":"https:\/\/radiocristianaenlinea.com\/radiocristiana\/wp-json\/wp\/v2\/types\/post"}],"author":[{"embeddable":true,"href":"https:\/\/radiocristianaenlinea.com\/radiocristiana\/wp-json\/wp\/v2\/users\/1"}],"replies":[{"embeddable":true,"href":"https:\/\/radiocristianaenlinea.com\/radiocristiana\/wp-json\/wp\/v2\/comments?post=2919"}],"version-history":[{"count":1,"href":"https:\/\/radiocristianaenlinea.com\/radiocristiana\/wp-json\/wp\/v2\/posts\/2919\/revisions"}],"predecessor-version":[{"id":2921,"href":"https:\/\/radiocristianaenlinea.com\/radiocristiana\/wp-json\/wp\/v2\/posts\/2919\/revisions\/2921"}],"wp:featuredmedia":[{"embeddable":true,"href":"https:\/\/radiocristianaenlinea.com\/radiocristiana\/wp-json\/wp\/v2\/media\/2920"}],"wp:attachment":[{"href":"https:\/\/radiocristianaenlinea.com\/radiocristiana\/wp-json\/wp\/v2\/media?parent=2919"}],"wp:term":[{"taxonomy":"category","embeddable":true,"href":"https:\/\/radiocristianaenlinea.com\/radiocristiana\/wp-json\/wp\/v2\/categories?post=2919"},{"taxonomy":"post_tag","embeddable":true,"href":"https:\/\/radiocristianaenlinea.com\/radiocristiana\/wp-json\/wp\/v2\/tags?post=2919"}],"curies":[{"name":"wp","href":"https:\/\/api.w.org\/{rel}","templated":true}]}}