{"id":2923,"date":"2018-01-24T13:56:20","date_gmt":"2018-01-24T19:56:20","guid":{"rendered":"https:\/\/radiocristianaenlinea.com\/radiocristiana\/?p=2923"},"modified":"2018-01-24T13:56:20","modified_gmt":"2018-01-24T19:56:20","slug":"devocional-del-24-enero-2018","status":"publish","type":"post","link":"https:\/\/radiocristianaenlinea.com\/radiocristiana\/2018\/01\/24\/devocional-del-24-enero-2018\/","title":{"rendered":"Devocional del 24 Enero 2018"},"content":{"rendered":"<p><strong>Y de Jesucristo, el testigo fiel, el primog\u00e9nito de los muertos, y Pr\u00edncipe de los reyes de la tierra. Al que nos am\u00f3, y nos ha lavado de nuestros pecados con su sangre,<br \/>\nAPOCALIPSIS 1:5<\/strong><br \/>\n<strong><br \/>\nY cantaban un nuevo c\u00e1ntico, diciendo: Digno eres de tomar el libro, y de abrir sus sellos; porque t\u00fa fuiste inmolado, y nos has redimido para Dios con tu sangre, de todo linaje y lengua y pueblo y naci\u00f3n;<br \/>\nAPOCALIPSIS 5:9<\/strong><\/p>\n<p>El pecado deja su mancha de culpabilidad y contaminaci\u00f3n sobre el esp\u00edritu y alma.<\/p>\n<p>Nada aparte de la Sangre de Cristo puede limpiar esta mancha.<\/p>\n<p>Cristo estuvo dispuesto a morir y dar Su propia sangre para lograr comprar el perd\u00f3n y pureza del hombre.<\/p>\n<p>La sangre de Jesucristo ha redimido a la humanidad de la esclavitud de Sat\u00e1n, el pecado y la culpabilidad y lo ha redimido para Dios para que en libertad, el hombre pueda servirle.<\/p>\n<p>Contin\u00faa&#8230;<\/p>\n<p>Bendecido d\u00eda ?<\/p>\n","protected":false},"excerpt":{"rendered":"<p>Y de Jesucristo, el testigo fiel, el primog\u00e9nito de los muertos, y Pr\u00edncipe de los reyes de la tierra. Al que nos am\u00f3, y nos ha lavado de nuestros pecados con su sangre, APOCALIPSIS 1:5 Y cantaban un nuevo c\u00e1ntico, diciendo: Digno eres de tomar el libro, y de abrir sus sellos; porque t\u00fa fuiste [&hellip;]<\/p>\n","protected":false},"author":1,"featured_media":2924,"comment_status":"closed","ping_status":"closed","sticky":false,"template":"","format":"standard","meta":{"_crdt_document":"","_monsterinsights_skip_tracking":false,"_monsterinsights_sitenote_active":false,"_monsterinsights_sitenote_note":"","_monsterinsights_sitenote_category":0,"footnotes":""},"categories":[3],"tags":[298,113,74,297,48,72],"class_list":{"0":"post-2923","1":"post","2":"type-post","3":"status-publish","4":"format-standard","5":"has-post-thumbnail","6":"hentry","7":"category-devocionales","8":"tag-apocalipsis-15","9":"tag-apocalipsis-59","10":"tag-devocionales","11":"tag-la-radio-que-te-da-paz","12":"tag-radiocristianaenlinea","13":"tag-radiocristianaenlinea-com","15":"post-with-thumbnail","16":"post-with-thumbnail-large"},"aioseo_notices":[],"_links":{"self":[{"href":"https:\/\/radiocristianaenlinea.com\/radiocristiana\/wp-json\/wp\/v2\/posts\/2923","targetHints":{"allow":["GET"]}}],"collection":[{"href":"https:\/\/radiocristianaenlinea.com\/radiocristiana\/wp-json\/wp\/v2\/posts"}],"about":[{"href":"https:\/\/radiocristianaenlinea.com\/radiocristiana\/wp-json\/wp\/v2\/types\/post"}],"author":[{"embeddable":true,"href":"https:\/\/radiocristianaenlinea.com\/radiocristiana\/wp-json\/wp\/v2\/users\/1"}],"replies":[{"embeddable":true,"href":"https:\/\/radiocristianaenlinea.com\/radiocristiana\/wp-json\/wp\/v2\/comments?post=2923"}],"version-history":[{"count":1,"href":"https:\/\/radiocristianaenlinea.com\/radiocristiana\/wp-json\/wp\/v2\/posts\/2923\/revisions"}],"predecessor-version":[{"id":2925,"href":"https:\/\/radiocristianaenlinea.com\/radiocristiana\/wp-json\/wp\/v2\/posts\/2923\/revisions\/2925"}],"wp:featuredmedia":[{"embeddable":true,"href":"https:\/\/radiocristianaenlinea.com\/radiocristiana\/wp-json\/wp\/v2\/media\/2924"}],"wp:attachment":[{"href":"https:\/\/radiocristianaenlinea.com\/radiocristiana\/wp-json\/wp\/v2\/media?parent=2923"}],"wp:term":[{"taxonomy":"category","embeddable":true,"href":"https:\/\/radiocristianaenlinea.com\/radiocristiana\/wp-json\/wp\/v2\/categories?post=2923"},{"taxonomy":"post_tag","embeddable":true,"href":"https:\/\/radiocristianaenlinea.com\/radiocristiana\/wp-json\/wp\/v2\/tags?post=2923"}],"curies":[{"name":"wp","href":"https:\/\/api.w.org\/{rel}","templated":true}]}}