{"id":2929,"date":"2018-01-25T12:33:45","date_gmt":"2018-01-25T18:33:45","guid":{"rendered":"https:\/\/radiocristianaenlinea.com\/radiocristiana\/?p=2929"},"modified":"2018-01-25T12:36:30","modified_gmt":"2018-01-25T18:36:30","slug":"devocional-25-enero-2018","status":"publish","type":"post","link":"https:\/\/radiocristianaenlinea.com\/radiocristiana\/2018\/01\/25\/devocional-25-enero-2018\/","title":{"rendered":"Devocional 25 enero 2018"},"content":{"rendered":"<p><strong>Y de Jesucristo, el testigo fiel, el primog\u00e9nito de los muertos, y Pr\u00edncipe de los reyes de la tierra. Al que nos am\u00f3, y nos ha lavado de nuestros pecados con su sangre,<br \/>\nAPOCALIPSIS 1:5<\/strong><\/p>\n<p><strong>Y cantaban un nuevo c\u00e1ntico, diciendo: Digno eres de tomar el libro, y de abrir sus sellos; porque t\u00fa fuiste inmolado, y nos has redimido para Dios con tu sangre, de todo linaje y lengua y pueblo y naci\u00f3n;<br \/>\nAPOCALIPSIS 5:9<\/strong><\/p>\n<p>Dios es invisible, Divino y espiritual, el hombre ca\u00eddo est\u00e1 atado a la tierra, tiene una mente carnal y un esp\u00edritu ciego.<\/p>\n<p>Consecuentemente, es necesario para Dios, en Su infinita misericordia y gracia separarse a S\u00ed Mismo como Padre, Hijo y Esp\u00edritu Santo en el cielo para poder revelarse a S\u00ed Mismo y satisfacer las necesidades del hombre.<\/p>\n<p>Dios el Hijo se dign\u00f3 venir en carne y manifestarse a S\u00ed Mismo al hombre, de una manera que el hombre pudiera percibir, y por lo tanto llegar a conocerlo.<\/p>\n<p>Es posible para el hombre comprender que qui\u00e9n es Dios a trav\u00e9s del Salvador y Mediador, el Se\u00f1or Jesucristo.<\/p>\n<p>Que Dios le bendiga.<\/p>\n","protected":false},"excerpt":{"rendered":"<p>Y de Jesucristo, el testigo fiel, el primog\u00e9nito de los muertos, y Pr\u00edncipe de los reyes de la tierra. Al que nos am\u00f3, y nos ha lavado de nuestros pecados con su sangre, APOCALIPSIS 1:5 Y cantaban un nuevo c\u00e1ntico, diciendo: Digno eres de tomar el libro, y de abrir sus sellos; porque t\u00fa fuiste [&hellip;]<\/p>\n","protected":false},"author":1,"featured_media":2930,"comment_status":"closed","ping_status":"closed","sticky":false,"template":"","format":"standard","meta":{"_crdt_document":"","_monsterinsights_skip_tracking":false,"_monsterinsights_sitenote_active":false,"_monsterinsights_sitenote_note":"","_monsterinsights_sitenote_category":0,"footnotes":""},"categories":[3,38],"tags":[298,74,297,48],"class_list":{"0":"post-2929","1":"post","2":"type-post","3":"status-publish","4":"format-standard","5":"has-post-thumbnail","6":"hentry","7":"category-devocionales","8":"category-pastor-oscar-sanchez","9":"tag-apocalipsis-15","10":"tag-devocionales","11":"tag-la-radio-que-te-da-paz","12":"tag-radiocristianaenlinea","14":"post-with-thumbnail","15":"post-with-thumbnail-large"},"aioseo_notices":[],"_links":{"self":[{"href":"https:\/\/radiocristianaenlinea.com\/radiocristiana\/wp-json\/wp\/v2\/posts\/2929","targetHints":{"allow":["GET"]}}],"collection":[{"href":"https:\/\/radiocristianaenlinea.com\/radiocristiana\/wp-json\/wp\/v2\/posts"}],"about":[{"href":"https:\/\/radiocristianaenlinea.com\/radiocristiana\/wp-json\/wp\/v2\/types\/post"}],"author":[{"embeddable":true,"href":"https:\/\/radiocristianaenlinea.com\/radiocristiana\/wp-json\/wp\/v2\/users\/1"}],"replies":[{"embeddable":true,"href":"https:\/\/radiocristianaenlinea.com\/radiocristiana\/wp-json\/wp\/v2\/comments?post=2929"}],"version-history":[{"count":1,"href":"https:\/\/radiocristianaenlinea.com\/radiocristiana\/wp-json\/wp\/v2\/posts\/2929\/revisions"}],"predecessor-version":[{"id":2931,"href":"https:\/\/radiocristianaenlinea.com\/radiocristiana\/wp-json\/wp\/v2\/posts\/2929\/revisions\/2931"}],"wp:featuredmedia":[{"embeddable":true,"href":"https:\/\/radiocristianaenlinea.com\/radiocristiana\/wp-json\/wp\/v2\/media\/2930"}],"wp:attachment":[{"href":"https:\/\/radiocristianaenlinea.com\/radiocristiana\/wp-json\/wp\/v2\/media?parent=2929"}],"wp:term":[{"taxonomy":"category","embeddable":true,"href":"https:\/\/radiocristianaenlinea.com\/radiocristiana\/wp-json\/wp\/v2\/categories?post=2929"},{"taxonomy":"post_tag","embeddable":true,"href":"https:\/\/radiocristianaenlinea.com\/radiocristiana\/wp-json\/wp\/v2\/tags?post=2929"}],"curies":[{"name":"wp","href":"https:\/\/api.w.org\/{rel}","templated":true}]}}