{"id":2944,"date":"2018-03-21T11:34:20","date_gmt":"2018-03-21T17:34:20","guid":{"rendered":"https:\/\/radiocristianaenlinea.com\/radiocristiana\/?p=2944"},"modified":"2018-03-21T11:34:20","modified_gmt":"2018-03-21T17:34:20","slug":"devocional-21-marzo-2018","status":"publish","type":"post","link":"https:\/\/radiocristianaenlinea.com\/radiocristiana\/2018\/03\/21\/devocional-21-marzo-2018\/","title":{"rendered":"Devocional 21 Marzo 2018"},"content":{"rendered":"<p>Var\u00f3n y hembra los cri\u00f3; y los bendijo, y llam\u00f3 el nombre de ellos Adam, el d\u00eda en que fueron criados.<br \/>\nG\u00c9NESIS 5:2<\/p>\n<p>Cuando el cuarto radio sensor (o\u00eddo) de la triple naturaleza del hombre pasa por el \u00e1mbito del alma se le conoce como memoria y en el esp\u00edritu es conocido como reverencia.<\/p>\n<p>Nueve por ciento de la informaci\u00f3n sensorial que llega al hombre viene por este sentido.<\/p>\n<p>Cuando en el principio Dios cre\u00f3 el sentido de la reverencia en el esp\u00edritu del hombre, lo hizo perfecto, a fin de que en todo tiempo pudiera estar lleno de un temor reverente y respeto hacia Dios, Su Palabra y Su Voluntad.<\/p>\n<p>La palabra \u201creverencia\u201d significa = asombro, respetar, revenciar, tener sentimientos mezclados de reverencia, temor y asombro.<\/p>\n<p>La intenci\u00f3n de Dios era que este sentido cooperara con los otros sentidos en el esp\u00edritu del hombre a fin de que \u00e9ste pudiera mantener su uni\u00f3n pac\u00edfica y feliz armon\u00eda con Dios.<\/p>\n<p>Bendecido d\u00eda ?<\/p>\n","protected":false},"excerpt":{"rendered":"<p>Var\u00f3n y hembra los cri\u00f3; y los bendijo, y llam\u00f3 el nombre de ellos Adam, el d\u00eda en que fueron criados. G\u00c9NESIS 5:2 Cuando el cuarto radio sensor (o\u00eddo) de la triple naturaleza del hombre pasa por el \u00e1mbito del alma se le conoce como memoria y en el esp\u00edritu es conocido como reverencia. Nueve [&hellip;]<\/p>\n","protected":false},"author":1,"featured_media":2945,"comment_status":"closed","ping_status":"closed","sticky":false,"template":"","format":"standard","meta":{"_crdt_document":"","_monsterinsights_skip_tracking":false,"_monsterinsights_sitenote_active":false,"_monsterinsights_sitenote_note":"","_monsterinsights_sitenote_category":0,"footnotes":""},"categories":[3,38],"tags":[52,74,48,72],"class_list":{"0":"post-2944","1":"post","2":"type-post","3":"status-publish","4":"format-standard","5":"has-post-thumbnail","6":"hentry","7":"category-devocionales","8":"category-pastor-oscar-sanchez","9":"tag-devocional","10":"tag-devocionales","11":"tag-radiocristianaenlinea","12":"tag-radiocristianaenlinea-com","14":"post-with-thumbnail","15":"post-with-thumbnail-large"},"aioseo_notices":[],"_links":{"self":[{"href":"https:\/\/radiocristianaenlinea.com\/radiocristiana\/wp-json\/wp\/v2\/posts\/2944","targetHints":{"allow":["GET"]}}],"collection":[{"href":"https:\/\/radiocristianaenlinea.com\/radiocristiana\/wp-json\/wp\/v2\/posts"}],"about":[{"href":"https:\/\/radiocristianaenlinea.com\/radiocristiana\/wp-json\/wp\/v2\/types\/post"}],"author":[{"embeddable":true,"href":"https:\/\/radiocristianaenlinea.com\/radiocristiana\/wp-json\/wp\/v2\/users\/1"}],"replies":[{"embeddable":true,"href":"https:\/\/radiocristianaenlinea.com\/radiocristiana\/wp-json\/wp\/v2\/comments?post=2944"}],"version-history":[{"count":1,"href":"https:\/\/radiocristianaenlinea.com\/radiocristiana\/wp-json\/wp\/v2\/posts\/2944\/revisions"}],"predecessor-version":[{"id":2946,"href":"https:\/\/radiocristianaenlinea.com\/radiocristiana\/wp-json\/wp\/v2\/posts\/2944\/revisions\/2946"}],"wp:featuredmedia":[{"embeddable":true,"href":"https:\/\/radiocristianaenlinea.com\/radiocristiana\/wp-json\/wp\/v2\/media\/2945"}],"wp:attachment":[{"href":"https:\/\/radiocristianaenlinea.com\/radiocristiana\/wp-json\/wp\/v2\/media?parent=2944"}],"wp:term":[{"taxonomy":"category","embeddable":true,"href":"https:\/\/radiocristianaenlinea.com\/radiocristiana\/wp-json\/wp\/v2\/categories?post=2944"},{"taxonomy":"post_tag","embeddable":true,"href":"https:\/\/radiocristianaenlinea.com\/radiocristiana\/wp-json\/wp\/v2\/tags?post=2944"}],"curies":[{"name":"wp","href":"https:\/\/api.w.org\/{rel}","templated":true}]}}