{"id":2947,"date":"2018-03-23T11:23:55","date_gmt":"2018-03-23T17:23:55","guid":{"rendered":"https:\/\/radiocristianaenlinea.com\/radiocristiana\/?p=2947"},"modified":"2018-03-23T11:23:55","modified_gmt":"2018-03-23T17:23:55","slug":"devocional-20-de-marzo-2018","status":"publish","type":"post","link":"https:\/\/radiocristianaenlinea.com\/radiocristiana\/2018\/03\/23\/devocional-20-de-marzo-2018\/","title":{"rendered":"Devocional 20 de marzo 2018"},"content":{"rendered":"<p>Y aconteci\u00f3 que al sepultar unos un hombre, s\u00fabitamente vieron una partida, y arrojaron al hombre en el sepulcro de El\u00edseo: y cuando lleg\u00f3 a tocar el muerto los huesos de Eliseo, revivi\u00f3, y levant\u00f3se sobre sus pies.<br \/>\n2 REYES 23:21<\/p>\n<p>Cuando vamos a la Cruz del Calvario y, por medio de la fe sufrimos enfermedad y muerte en nuestra carne.<\/p>\n<p>Dios nos visitar\u00e1 con Su poder de resurrecci\u00f3n y gloria no engendrados, levant\u00e1ndonos a camino nuevo m\u00e1s elevado con Jesucristo.<\/p>\n<p>Ciertamente, todas las cosas obran para bien, a\u00fan nuestras enfermedades y experiencias de muerte.<\/p>\n<p>Dios bendiga su d\u00eda ?<\/p>\n","protected":false},"excerpt":{"rendered":"<p>Y aconteci\u00f3 que al sepultar unos un hombre, s\u00fabitamente vieron una partida, y arrojaron al hombre en el sepulcro de El\u00edseo: y cuando lleg\u00f3 a tocar el muerto los huesos de Eliseo, revivi\u00f3, y levant\u00f3se sobre sus pies. 2 REYES 23:21 Cuando vamos a la Cruz del Calvario y, por medio de la fe sufrimos [&hellip;]<\/p>\n","protected":false},"author":1,"featured_media":2948,"comment_status":"closed","ping_status":"closed","sticky":false,"template":"","format":"standard","meta":{"_crdt_document":"","_monsterinsights_skip_tracking":false,"_monsterinsights_sitenote_active":false,"_monsterinsights_sitenote_note":"","_monsterinsights_sitenote_category":0,"footnotes":""},"categories":[3,38],"tags":[],"class_list":{"0":"post-2947","1":"post","2":"type-post","3":"status-publish","4":"format-standard","5":"has-post-thumbnail","6":"hentry","7":"category-devocionales","8":"category-pastor-oscar-sanchez","10":"post-with-thumbnail","11":"post-with-thumbnail-large"},"aioseo_notices":[],"_links":{"self":[{"href":"https:\/\/radiocristianaenlinea.com\/radiocristiana\/wp-json\/wp\/v2\/posts\/2947","targetHints":{"allow":["GET"]}}],"collection":[{"href":"https:\/\/radiocristianaenlinea.com\/radiocristiana\/wp-json\/wp\/v2\/posts"}],"about":[{"href":"https:\/\/radiocristianaenlinea.com\/radiocristiana\/wp-json\/wp\/v2\/types\/post"}],"author":[{"embeddable":true,"href":"https:\/\/radiocristianaenlinea.com\/radiocristiana\/wp-json\/wp\/v2\/users\/1"}],"replies":[{"embeddable":true,"href":"https:\/\/radiocristianaenlinea.com\/radiocristiana\/wp-json\/wp\/v2\/comments?post=2947"}],"version-history":[{"count":1,"href":"https:\/\/radiocristianaenlinea.com\/radiocristiana\/wp-json\/wp\/v2\/posts\/2947\/revisions"}],"predecessor-version":[{"id":2949,"href":"https:\/\/radiocristianaenlinea.com\/radiocristiana\/wp-json\/wp\/v2\/posts\/2947\/revisions\/2949"}],"wp:featuredmedia":[{"embeddable":true,"href":"https:\/\/radiocristianaenlinea.com\/radiocristiana\/wp-json\/wp\/v2\/media\/2948"}],"wp:attachment":[{"href":"https:\/\/radiocristianaenlinea.com\/radiocristiana\/wp-json\/wp\/v2\/media?parent=2947"}],"wp:term":[{"taxonomy":"category","embeddable":true,"href":"https:\/\/radiocristianaenlinea.com\/radiocristiana\/wp-json\/wp\/v2\/categories?post=2947"},{"taxonomy":"post_tag","embeddable":true,"href":"https:\/\/radiocristianaenlinea.com\/radiocristiana\/wp-json\/wp\/v2\/tags?post=2947"}],"curies":[{"name":"wp","href":"https:\/\/api.w.org\/{rel}","templated":true}]}}