{"id":2953,"date":"2018-03-26T14:12:26","date_gmt":"2018-03-26T20:12:26","guid":{"rendered":"https:\/\/radiocristianaenlinea.com\/radiocristiana\/?p=2953"},"modified":"2018-03-26T14:42:53","modified_gmt":"2018-03-26T20:42:53","slug":"devocional-del-24-de-marzo-2018","status":"publish","type":"post","link":"https:\/\/radiocristianaenlinea.com\/radiocristiana\/2018\/03\/26\/devocional-del-24-de-marzo-2018\/","title":{"rendered":"Devocional del 24 de Marzo 2018"},"content":{"rendered":"<p>Venid luego, dir\u00e1 Jehov\u00e1, y estemos a cuenta: si vuestros pecados fueren como la grana, como la nieve ser\u00e1n emblanquecidos: si fueren rojos como el carmes\u00ed, vendr\u00e1n \u00e1 ser como blanca lana.<br \/>\nISA\u00cdAS 1:18<\/p>\n<p>Cuando nos arrepentimos de nuestros pecados, confes\u00e1ndoselos a Dios, la Sangre de Jesucristo lleva nuestros pecados confesados tras las espaldas de Dios y arroja esa energ\u00eda pecaminosa al mar del olvido de Dios.<\/p>\n<p>Ah\u00ed la energ\u00eda grana y carmes\u00ed mal usada es limpiada, transformada en nieve y lana y reciclada para regresar a la persona en forma de energ\u00eda justa.<\/p>\n<p>Esta energ\u00eda justa, aumenta nuestra fuerza y virtud para vivir con mayor santidad para Dios.<\/p>\n<p>\u00a1Qu\u00e9 ciclo tan glorioso es este!<\/p>\n<p>Bendecido fin de semana.<\/p>\n","protected":false},"excerpt":{"rendered":"<p>Venid luego, dir\u00e1 Jehov\u00e1, y estemos a cuenta: si vuestros pecados fueren como la grana, como la nieve ser\u00e1n emblanquecidos: si fueren rojos como el carmes\u00ed, vendr\u00e1n \u00e1 ser como blanca lana. ISA\u00cdAS 1:18 Cuando nos arrepentimos de nuestros pecados, confes\u00e1ndoselos a Dios, la Sangre de Jesucristo lleva nuestros pecados confesados tras las espaldas de [&hellip;]<\/p>\n","protected":false},"author":1,"featured_media":2955,"comment_status":"closed","ping_status":"closed","sticky":false,"template":"","format":"standard","meta":{"_crdt_document":"","_monsterinsights_skip_tracking":false,"_monsterinsights_sitenote_active":false,"_monsterinsights_sitenote_note":"","_monsterinsights_sitenote_category":0,"footnotes":""},"categories":[3,38],"tags":[308,306,48,72,309],"class_list":{"0":"post-2953","1":"post","2":"type-post","3":"status-publish","4":"format-standard","5":"has-post-thumbnail","6":"hentry","7":"category-devocionales","8":"category-pastor-oscar-sanchez","9":"tag-isaias-118","10":"tag-la-estacion-que-te-da-paz","11":"tag-radiocristianaenlinea","12":"tag-radiocristianaenlinea-com","13":"tag-venid-luego","15":"post-with-thumbnail","16":"post-with-thumbnail-large"},"aioseo_notices":[],"_links":{"self":[{"href":"https:\/\/radiocristianaenlinea.com\/radiocristiana\/wp-json\/wp\/v2\/posts\/2953","targetHints":{"allow":["GET"]}}],"collection":[{"href":"https:\/\/radiocristianaenlinea.com\/radiocristiana\/wp-json\/wp\/v2\/posts"}],"about":[{"href":"https:\/\/radiocristianaenlinea.com\/radiocristiana\/wp-json\/wp\/v2\/types\/post"}],"author":[{"embeddable":true,"href":"https:\/\/radiocristianaenlinea.com\/radiocristiana\/wp-json\/wp\/v2\/users\/1"}],"replies":[{"embeddable":true,"href":"https:\/\/radiocristianaenlinea.com\/radiocristiana\/wp-json\/wp\/v2\/comments?post=2953"}],"version-history":[{"count":1,"href":"https:\/\/radiocristianaenlinea.com\/radiocristiana\/wp-json\/wp\/v2\/posts\/2953\/revisions"}],"predecessor-version":[{"id":2954,"href":"https:\/\/radiocristianaenlinea.com\/radiocristiana\/wp-json\/wp\/v2\/posts\/2953\/revisions\/2954"}],"wp:featuredmedia":[{"embeddable":true,"href":"https:\/\/radiocristianaenlinea.com\/radiocristiana\/wp-json\/wp\/v2\/media\/2955"}],"wp:attachment":[{"href":"https:\/\/radiocristianaenlinea.com\/radiocristiana\/wp-json\/wp\/v2\/media?parent=2953"}],"wp:term":[{"taxonomy":"category","embeddable":true,"href":"https:\/\/radiocristianaenlinea.com\/radiocristiana\/wp-json\/wp\/v2\/categories?post=2953"},{"taxonomy":"post_tag","embeddable":true,"href":"https:\/\/radiocristianaenlinea.com\/radiocristiana\/wp-json\/wp\/v2\/tags?post=2953"}],"curies":[{"name":"wp","href":"https:\/\/api.w.org\/{rel}","templated":true}]}}