{"id":2957,"date":"2018-03-27T22:07:06","date_gmt":"2018-03-28T04:07:06","guid":{"rendered":"https:\/\/radiocristianaenlinea.com\/radiocristiana\/?p=2957"},"modified":"2018-03-27T22:07:06","modified_gmt":"2018-03-28T04:07:06","slug":"pan-diario-de-martes-27-marzo-2018","status":"publish","type":"post","link":"https:\/\/radiocristianaenlinea.com\/radiocristiana\/2018\/03\/27\/pan-diario-de-martes-27-marzo-2018\/","title":{"rendered":"Pan Diario de Martes 27 Marzo 2018"},"content":{"rendered":"<p>Fueron mis l\u00e1grimas mi pan de d\u00eda y de noche, mientras me dicen todos los d\u00edas: \u00bfD\u00f3nde est\u00e1 tu Dios?<br \/>\nSalmo 42:3<br \/>\nT\u00fa&#8230; Se\u00f1or m\u00edo, favor\u00e9ceme por amor de tu nombre; l\u00edbrame, porque tu misericordia es buena. Porque yo estoy afligido y necesitado, y mi coraz\u00f3n est\u00e1 herido dentro de m\u00ed.<br \/>\nSalmo 109:21-22<br \/>\n\u00bfEs necesario hablar del sufrimiento? (1)<br \/>\n\u00bfC\u00f3mo hablar del sufrimiento, si no es dej\u00e1ndolo hablar por s\u00ed mismo? \u00bfC\u00f3mo expresarlo cuando es tan intenso que nos deja sin palabras? Algunos piensan que los cristianos son expertos en discursos sobre el sufrimiento, que muy a menudo tienen palabras preformuladas para explicarlo.<\/p>\n<p>La Biblia no trata de definir el sufrimiento de forma abstracta, sino que habla de personas que sufren, y sobre todo de Cristo, quien llev\u00f3 \u201cnuestras enfermedades, y sufri\u00f3 nuestros dolores\u201d (Isa\u00edas 53:4). Dios no disminuy\u00f3 ning\u00fan sufrimiento a Su Hijo, al \u201cvar\u00f3n de dolores\u201d. Crucificado, Jes\u00fas or\u00f3 por sus verdugos: \u201cPadre, perd\u00f3nalos, porque no saben lo que hacen\u201d (Lucas 23:34).<\/p>\n<p>Pero en la Biblia Dios no duda en presentarnos al hombre en su lucha contra el sufrimiento, a trav\u00e9s de la vida de todos, hombres, mujeres, j\u00f3venes o viejos. Tambi\u00e9n muestra lo que lo produce: violencia, traici\u00f3n, desprecio, odio, soledad, enfermedades, heridas morales cuando el alma vacila al borde del vac\u00edo.<\/p>\n<p>As\u00ed, la Biblia evoca este dolor que llama, gime y pregunta: \u201c\u00bfD\u00f3nde est\u00e1&#8230; Dios?\u201d, y que trata de escuchar, perdidamente, una respuesta divina. Todo un libro de la Biblia nos presenta la prueba de Job. Del coraz\u00f3n de ese creyente surgi\u00f3 un grito de sufrimiento, sufrimiento que lo llev\u00f3 al l\u00edmite de la rebeli\u00f3n. Entonces Dios se revel\u00f3 a Job como nunca antes hab\u00eda podido hacerlo.<\/p>\n<p>(ma\u00f1ana continuar\u00e1)<br \/>\nAleluya!!  Aleluya!! ?<\/p>\n","protected":false},"excerpt":{"rendered":"<p>Fueron mis l\u00e1grimas mi pan de d\u00eda y de noche, mientras me dicen todos los d\u00edas: \u00bfD\u00f3nde est\u00e1 tu Dios? Salmo 42:3 T\u00fa&#8230; Se\u00f1or m\u00edo, favor\u00e9ceme por amor de tu nombre; l\u00edbrame, porque tu misericordia es buena. Porque yo estoy afligido y necesitado, y mi coraz\u00f3n est\u00e1 herido dentro de m\u00ed. Salmo 109:21-22 \u00bfEs necesario [&hellip;]<\/p>\n","protected":false},"author":1,"featured_media":2958,"comment_status":"closed","ping_status":"closed","sticky":false,"template":"","format":"standard","meta":{"_crdt_document":"","_monsterinsights_skip_tracking":false,"_monsterinsights_sitenote_active":false,"_monsterinsights_sitenote_note":"","_monsterinsights_sitenote_category":0,"footnotes":""},"categories":[174],"tags":[297,312,197,48,311,310],"class_list":{"0":"post-2957","1":"post","2":"type-post","3":"status-publish","4":"format-standard","5":"has-post-thumbnail","6":"hentry","7":"category-pan-diario","8":"tag-la-radio-que-te-da-paz","9":"tag-lucas-2334","10":"tag-pan-diario","11":"tag-radiocristianaenlinea","12":"tag-salmo-10921-22","13":"tag-salmo-423","15":"post-with-thumbnail","16":"post-with-thumbnail-large"},"aioseo_notices":[],"_links":{"self":[{"href":"https:\/\/radiocristianaenlinea.com\/radiocristiana\/wp-json\/wp\/v2\/posts\/2957","targetHints":{"allow":["GET"]}}],"collection":[{"href":"https:\/\/radiocristianaenlinea.com\/radiocristiana\/wp-json\/wp\/v2\/posts"}],"about":[{"href":"https:\/\/radiocristianaenlinea.com\/radiocristiana\/wp-json\/wp\/v2\/types\/post"}],"author":[{"embeddable":true,"href":"https:\/\/radiocristianaenlinea.com\/radiocristiana\/wp-json\/wp\/v2\/users\/1"}],"replies":[{"embeddable":true,"href":"https:\/\/radiocristianaenlinea.com\/radiocristiana\/wp-json\/wp\/v2\/comments?post=2957"}],"version-history":[{"count":1,"href":"https:\/\/radiocristianaenlinea.com\/radiocristiana\/wp-json\/wp\/v2\/posts\/2957\/revisions"}],"predecessor-version":[{"id":2959,"href":"https:\/\/radiocristianaenlinea.com\/radiocristiana\/wp-json\/wp\/v2\/posts\/2957\/revisions\/2959"}],"wp:featuredmedia":[{"embeddable":true,"href":"https:\/\/radiocristianaenlinea.com\/radiocristiana\/wp-json\/wp\/v2\/media\/2958"}],"wp:attachment":[{"href":"https:\/\/radiocristianaenlinea.com\/radiocristiana\/wp-json\/wp\/v2\/media?parent=2957"}],"wp:term":[{"taxonomy":"category","embeddable":true,"href":"https:\/\/radiocristianaenlinea.com\/radiocristiana\/wp-json\/wp\/v2\/categories?post=2957"},{"taxonomy":"post_tag","embeddable":true,"href":"https:\/\/radiocristianaenlinea.com\/radiocristiana\/wp-json\/wp\/v2\/tags?post=2957"}],"curies":[{"name":"wp","href":"https:\/\/api.w.org\/{rel}","templated":true}]}}