{"id":2964,"date":"2018-03-29T13:40:56","date_gmt":"2018-03-29T19:40:56","guid":{"rendered":"https:\/\/radiocristianaenlinea.com\/radiocristiana\/?p=2964"},"modified":"2018-03-29T13:40:56","modified_gmt":"2018-03-29T19:40:56","slug":"pan-diario-29-de-marzo-2018","status":"publish","type":"post","link":"https:\/\/radiocristianaenlinea.com\/radiocristiana\/2018\/03\/29\/pan-diario-29-de-marzo-2018\/","title":{"rendered":"Pan Diario  29 de marzo 2018"},"content":{"rendered":"<p><strong>Lebrillo de amor<br \/>\nAmy Boucher Pye<\/strong><\/p>\n<p><strong>Juan 13:5<br \/>\nLuego puso agua en un lebrillo, y comenz\u00f3 a lavar los pies de los disc\u00edpulos<\/strong><\/p>\n<p>Un d\u00eda, hace muchos a\u00f1os, en la clase de f\u00edsica, nuestro profesor nos pidi\u00f3 que dij\u00e9ramos \u2014sin voltear la cabeza\u2014 de qu\u00e9 color era la pared de atr\u00e1s del aula. Nadie le pudo contestar porque no nos hab\u00edamos fijado.<\/p>\n<p>A veces, no prestamos atenci\u00f3n o pasamos por alto las \u00abcosas\u00bb de la vida porque, simplemente, no podemos asimilarlo todo. Otras veces, no vemos lo que ha estado all\u00ed todo el tiempo.<\/p>\n<p>Algo as\u00ed me sucedi\u00f3 cuando volv\u00ed a leer hace poco sobre Jes\u00fas lav\u00e1ndoles los pies a sus disc\u00edpulos. La historia es conocida, pero suele leerse durante Semana Santa. Nos asombra que nuestro Salvador y Rey se detuviera a hacer algo as\u00ed. En la \u00e9poca de Jes\u00fas, ni siquiera los sirvientes jud\u00edos hac\u00edan esta tarea, por considerarla humillante. Pero lo que no hab\u00eda notado antes es que Jes\u00fas, hombre y Dios, le lav\u00f3 los pies a Judas. Aunque sab\u00eda que lo traicionar\u00eda (Juan 13:11), el Se\u00f1or se humill\u00f3 y se los lav\u00f3.<\/p>\n<p>El amor desbordaba de un lebrillo de agua; ese amor que comparti\u00f3 incluso con el que lo traicionar\u00eda. Mientras reflexionamos en los sucesos de esta semana que llevan a la celebraci\u00f3n de la resurrecci\u00f3n de Jes\u00fas, vist\u00e1monos de humildad para que podamos extender su amor a amigos y enemigos.<\/p>\n<p>Se\u00f1or, llena de amor mi coraz\u00f3n para que pueda arremangarme y servir a otros con humildad y para tu gloria.<br \/>\nPor amor, Jes\u00fas se humill\u00f3 y lav\u00f3 los pies de los disc\u00edpulos.<\/p>\n<p><strong>La Biblia en un a\u00f1o<br \/>\nLeer Jueces 7\u20138,<br \/>\nLucas 5:1-16<\/strong><\/p>\n","protected":false},"excerpt":{"rendered":"<p>Lebrillo de amor Amy Boucher Pye Juan 13:5 Luego puso agua en un lebrillo, y comenz\u00f3 a lavar los pies de los disc\u00edpulos Un d\u00eda, hace muchos a\u00f1os, en la clase de f\u00edsica, nuestro profesor nos pidi\u00f3 que dij\u00e9ramos \u2014sin voltear la cabeza\u2014 de qu\u00e9 color era la pared de atr\u00e1s del aula. Nadie le [&hellip;]<\/p>\n","protected":false},"author":1,"featured_media":2965,"comment_status":"closed","ping_status":"closed","sticky":false,"template":"","format":"standard","meta":{"_crdt_document":"","_monsterinsights_skip_tracking":false,"_monsterinsights_sitenote_active":false,"_monsterinsights_sitenote_note":"","_monsterinsights_sitenote_category":0,"footnotes":""},"categories":[174],"tags":[319,317,318,306,303,197,48],"class_list":{"0":"post-2964","1":"post","2":"type-post","3":"status-publish","4":"format-standard","5":"has-post-thumbnail","6":"hentry","7":"category-pan-diario","8":"tag-juan-1311","9":"tag-juan-135","10":"tag-jueces-7-8","11":"tag-la-estacion-que-te-da-paz","12":"tag-la-estacion-que-te-paz","13":"tag-pan-diario","14":"tag-radiocristianaenlinea","16":"post-with-thumbnail","17":"post-with-thumbnail-large"},"aioseo_notices":[],"_links":{"self":[{"href":"https:\/\/radiocristianaenlinea.com\/radiocristiana\/wp-json\/wp\/v2\/posts\/2964","targetHints":{"allow":["GET"]}}],"collection":[{"href":"https:\/\/radiocristianaenlinea.com\/radiocristiana\/wp-json\/wp\/v2\/posts"}],"about":[{"href":"https:\/\/radiocristianaenlinea.com\/radiocristiana\/wp-json\/wp\/v2\/types\/post"}],"author":[{"embeddable":true,"href":"https:\/\/radiocristianaenlinea.com\/radiocristiana\/wp-json\/wp\/v2\/users\/1"}],"replies":[{"embeddable":true,"href":"https:\/\/radiocristianaenlinea.com\/radiocristiana\/wp-json\/wp\/v2\/comments?post=2964"}],"version-history":[{"count":1,"href":"https:\/\/radiocristianaenlinea.com\/radiocristiana\/wp-json\/wp\/v2\/posts\/2964\/revisions"}],"predecessor-version":[{"id":2966,"href":"https:\/\/radiocristianaenlinea.com\/radiocristiana\/wp-json\/wp\/v2\/posts\/2964\/revisions\/2966"}],"wp:featuredmedia":[{"embeddable":true,"href":"https:\/\/radiocristianaenlinea.com\/radiocristiana\/wp-json\/wp\/v2\/media\/2965"}],"wp:attachment":[{"href":"https:\/\/radiocristianaenlinea.com\/radiocristiana\/wp-json\/wp\/v2\/media?parent=2964"}],"wp:term":[{"taxonomy":"category","embeddable":true,"href":"https:\/\/radiocristianaenlinea.com\/radiocristiana\/wp-json\/wp\/v2\/categories?post=2964"},{"taxonomy":"post_tag","embeddable":true,"href":"https:\/\/radiocristianaenlinea.com\/radiocristiana\/wp-json\/wp\/v2\/tags?post=2964"}],"curies":[{"name":"wp","href":"https:\/\/api.w.org\/{rel}","templated":true}]}}