{"id":3021,"date":"2018-04-09T10:49:03","date_gmt":"2018-04-09T15:49:03","guid":{"rendered":"https:\/\/radiocristianaenlinea.com\/radiocristiana\/?p=3021"},"modified":"2018-04-09T10:49:03","modified_gmt":"2018-04-09T15:49:03","slug":"pan-diario-viernes-6-abril-2018","status":"publish","type":"post","link":"https:\/\/radiocristianaenlinea.com\/radiocristiana\/2018\/04\/09\/pan-diario-viernes-6-abril-2018\/","title":{"rendered":"Pan Diario Viernes 6 Abril  2018"},"content":{"rendered":"<p><strong>Le crucificaron, y con \u00e9l a otros dos, uno a cada lado, y Jes\u00fas en medio.<br \/>\nJuan 19:18<\/strong><\/p>\n<p><strong>La noche de aquel mismo d\u00eda, el primero de la semana&#8230; vino Jes\u00fas, y puesto en medio, les dijo: Paz a vosotros.<br \/>\nJuan 20:19<\/strong><\/p>\n<p><strong>Vi que en medio del trono&#8230; estaba en pie un Cordero como inmolado.<br \/>\nApocalipsis 5:6<\/strong><\/p>\n<p>En el centro<br \/>\nLa Biblia nos presenta varias ocasiones en las que Jesucristo est\u00e1 en el centro. Veamos tres de ellas.<\/p>\n<p>\u2013Fue crucificado entre dos malhechores, como si fuese el m\u00e1s culpable de los tres (Juan 19:18). Esta posici\u00f3n denigrante traduce el desprecio que los hombres ten\u00edan hacia la persona de Jes\u00fas, cuya vida hab\u00eda estado llena de bondad, abnegaci\u00f3n y compasi\u00f3n ante las desgracias y la miseria que encontraba.<\/p>\n<p>\u2013Despu\u00e9s de la resurrecci\u00f3n del Se\u00f1or, sus disc\u00edpulos estaban reunidos. Algunos de ellos ya lo hab\u00edan visto vivo. \u00bfEra cierto? \u201cVino Jes\u00fas, y puesto en medio\u201d (cap. 20:19). Entonces les mostr\u00f3 sus manos y su costado herido, marcas de sus sufrimientos y pruebas de su amor. \u00c9l es digno de estar en el centro del inter\u00e9s y del amor de los suyos. A\u00fan hoy, esta promesa de Jes\u00fas se cumple: \u201cDonde est\u00e1n dos o tres congregados en mi nombre, all\u00ed estoy yo en medio de ellos\u201d (Mateo 18:20).<\/p>\n<p>\u2013El Apocalipsis (cap. 5:6) nos presenta al gran Vencedor de la muerte \u201cen medio del trono\u201d. Dios lo resucit\u00f3 y le dio este lugar central. Aquel que fue tan despreciado, ahora es el centro de la gloria del cielo. Tiene el poder y pronto reinar\u00e1.<\/p>\n<p>Es importante que hoy sea el centro de la vida de cada uno. \u00bfEs nuestro Salvador personal? \u00bfOcupa siempre el primer lugar en nuestra vida?<\/p>\n<p>\u201cPara que en todo (Jes\u00fas) tenga la preeminencia\u201d (Colosenses 1:18).<\/p>\n<p>!!! SE\u00d1OR JESUCRISTO AY\u00daDAME PARA QUE SIEMPRE SEAS TU EL CENTRO DE MI VIDA!! tu has dicho en tu palabra el que ama m\u00e1s a padre, madre, hijos, esposa no es digno de ti&#8230; Quiero y anhelo ser digno de ti am\u00e9n!! ?<\/p>\n","protected":false},"excerpt":{"rendered":"<p>Le crucificaron, y con \u00e9l a otros dos, uno a cada lado, y Jes\u00fas en medio. Juan 19:18 La noche de aquel mismo d\u00eda, el primero de la semana&#8230; vino Jes\u00fas, y puesto en medio, les dijo: Paz a vosotros. Juan 20:19 Vi que en medio del trono&#8230; estaba en pie un Cordero como inmolado. [&hellip;]<\/p>\n","protected":false},"author":1,"featured_media":3023,"comment_status":"closed","ping_status":"closed","sticky":false,"template":"","format":"standard","meta":{"_crdt_document":"","_monsterinsights_skip_tracking":false,"_monsterinsights_sitenote_active":false,"_monsterinsights_sitenote_note":"","_monsterinsights_sitenote_category":0,"footnotes":""},"categories":[174],"tags":[322,303,197,48],"class_list":{"0":"post-3021","1":"post","2":"type-post","3":"status-publish","4":"format-standard","5":"has-post-thumbnail","6":"hentry","7":"category-pan-diario","8":"tag-el-apocalipsis-56","9":"tag-la-estacion-que-te-paz","10":"tag-pan-diario","11":"tag-radiocristianaenlinea","13":"post-with-thumbnail","14":"post-with-thumbnail-large"},"aioseo_notices":[],"_links":{"self":[{"href":"https:\/\/radiocristianaenlinea.com\/radiocristiana\/wp-json\/wp\/v2\/posts\/3021","targetHints":{"allow":["GET"]}}],"collection":[{"href":"https:\/\/radiocristianaenlinea.com\/radiocristiana\/wp-json\/wp\/v2\/posts"}],"about":[{"href":"https:\/\/radiocristianaenlinea.com\/radiocristiana\/wp-json\/wp\/v2\/types\/post"}],"author":[{"embeddable":true,"href":"https:\/\/radiocristianaenlinea.com\/radiocristiana\/wp-json\/wp\/v2\/users\/1"}],"replies":[{"embeddable":true,"href":"https:\/\/radiocristianaenlinea.com\/radiocristiana\/wp-json\/wp\/v2\/comments?post=3021"}],"version-history":[{"count":1,"href":"https:\/\/radiocristianaenlinea.com\/radiocristiana\/wp-json\/wp\/v2\/posts\/3021\/revisions"}],"predecessor-version":[{"id":3022,"href":"https:\/\/radiocristianaenlinea.com\/radiocristiana\/wp-json\/wp\/v2\/posts\/3021\/revisions\/3022"}],"wp:featuredmedia":[{"embeddable":true,"href":"https:\/\/radiocristianaenlinea.com\/radiocristiana\/wp-json\/wp\/v2\/media\/3023"}],"wp:attachment":[{"href":"https:\/\/radiocristianaenlinea.com\/radiocristiana\/wp-json\/wp\/v2\/media?parent=3021"}],"wp:term":[{"taxonomy":"category","embeddable":true,"href":"https:\/\/radiocristianaenlinea.com\/radiocristiana\/wp-json\/wp\/v2\/categories?post=3021"},{"taxonomy":"post_tag","embeddable":true,"href":"https:\/\/radiocristianaenlinea.com\/radiocristiana\/wp-json\/wp\/v2\/tags?post=3021"}],"curies":[{"name":"wp","href":"https:\/\/api.w.org\/{rel}","templated":true}]}}