{"id":3027,"date":"2018-04-09T11:21:30","date_gmt":"2018-04-09T16:21:30","guid":{"rendered":"https:\/\/radiocristianaenlinea.com\/radiocristiana\/?p=3027"},"modified":"2018-04-09T11:21:30","modified_gmt":"2018-04-09T16:21:30","slug":"pan-diario-viernes-30-marzo-2018","status":"publish","type":"post","link":"https:\/\/radiocristianaenlinea.com\/radiocristiana\/2018\/04\/09\/pan-diario-viernes-30-marzo-2018\/","title":{"rendered":"Pan Diario Viernes 30 Marzo 2018"},"content":{"rendered":"<p><strong>Viernes<\/strong><br \/>\n<strong>30<\/strong><br \/>\n<strong>Marzo<\/strong><\/p>\n<p><strong>Jes\u00fas, clamando a gran voz, dijo: Padre, en tus manos encomiendo mi esp\u00edritu. Y habiendo dicho esto, expir\u00f3.<\/strong><br \/>\n<strong>Lucas 23:46<\/strong><br \/>\n<strong>Consumado es. Y habiendo inclinado la cabeza, entreg\u00f3 el esp\u00edritu.<\/strong><br \/>\n<strong>Juan 19:30<\/strong><br \/>\nConsumado es<br \/>\nLa crucifixi\u00f3n era el suplicio m\u00e1s cruel. Despu\u00e9s de horas de sufrimientos, la v\u00edctima mor\u00eda por asfixia y agotamiento. Pero no fue as\u00ed como Jes\u00fas muri\u00f3. \u00c9l expir\u00f3 despu\u00e9s de haber clamado \u201ca gran voz\u201d. Ning\u00fan otro crucificado ha muerto ni morir\u00e1 de esta manera. Solo Cristo ten\u00eda poder sobre su vida, por eso pudo decir: \u201cNadie me la quita, sino que yo de m\u00ed mismo la pongo. Tengo poder para ponerla, y tengo poder para volverla a tomar. Este mandamiento recib\u00ed de mi Padre\u201d (Juan 10:18).<\/p>\n<p>Todos los que estaban all\u00ed pudieron escuchar esta frase pronunciada desde lo alto de la cruz: \u201cConsumado es\u201d. En el original griego esta expresi\u00f3n corresponde a una \u00fanica palabra que se pod\u00eda leer en antiguas facturas pagadas: \u00abTetelesta\u00ef\u00bb. Esto significa que la inmensa deuda del pecado ha sido pagada. Al que la acepta para s\u00ed, Dios no le pedir\u00e1 m\u00e1s la cuenta de sus pecados.<\/p>\n<p>El oficial romano responsable de la ejecuci\u00f3n de los condenados, sorprendido por una muerte as\u00ed, exclam\u00f3: \u201cVerdaderamente este hombre era Hijo de Dios\u201d (Marcos 15:39).<\/p>\n<p>Voz de amor y de clemencia en el G\u00f3lgota son\u00f3;<br \/>\nY al o\u00edrla, con violencia el Calvario retembl\u00f3:<br \/>\n\u00a1Consumado es, consumado es!<br \/>\nFue la voz que el Cristo dio<br \/>\n?Aleluya ? Gracias Se\u00f1or Jes\u00fas ?Por haber tomado mi lugar ? BENDITO Seas por los siglos de los siglos amen ??<\/p>\n","protected":false},"excerpt":{"rendered":"<p>Viernes 30 Marzo Jes\u00fas, clamando a gran voz, dijo: Padre, en tus manos encomiendo mi esp\u00edritu. Y habiendo dicho esto, expir\u00f3. Lucas 23:46 Consumado es. Y habiendo inclinado la cabeza, entreg\u00f3 el esp\u00edritu. Juan 19:30 Consumado es La crucifixi\u00f3n era el suplicio m\u00e1s cruel. Despu\u00e9s de horas de sufrimientos, la v\u00edctima mor\u00eda por asfixia y [&hellip;]<\/p>\n","protected":false},"author":1,"featured_media":3028,"comment_status":"closed","ping_status":"closed","sticky":false,"template":"","format":"standard","meta":{"_crdt_document":"","_monsterinsights_skip_tracking":false,"_monsterinsights_sitenote_active":false,"_monsterinsights_sitenote_note":"","_monsterinsights_sitenote_category":0,"footnotes":""},"categories":[174],"tags":[325,306,326,197,48],"class_list":{"0":"post-3027","1":"post","2":"type-post","3":"status-publish","4":"format-standard","5":"has-post-thumbnail","6":"hentry","7":"category-pan-diario","8":"tag-juan-1930","9":"tag-la-estacion-que-te-da-paz","10":"tag-lucas-2346","11":"tag-pan-diario","12":"tag-radiocristianaenlinea","14":"post-with-thumbnail","15":"post-with-thumbnail-large"},"aioseo_notices":[],"_links":{"self":[{"href":"https:\/\/radiocristianaenlinea.com\/radiocristiana\/wp-json\/wp\/v2\/posts\/3027","targetHints":{"allow":["GET"]}}],"collection":[{"href":"https:\/\/radiocristianaenlinea.com\/radiocristiana\/wp-json\/wp\/v2\/posts"}],"about":[{"href":"https:\/\/radiocristianaenlinea.com\/radiocristiana\/wp-json\/wp\/v2\/types\/post"}],"author":[{"embeddable":true,"href":"https:\/\/radiocristianaenlinea.com\/radiocristiana\/wp-json\/wp\/v2\/users\/1"}],"replies":[{"embeddable":true,"href":"https:\/\/radiocristianaenlinea.com\/radiocristiana\/wp-json\/wp\/v2\/comments?post=3027"}],"version-history":[{"count":1,"href":"https:\/\/radiocristianaenlinea.com\/radiocristiana\/wp-json\/wp\/v2\/posts\/3027\/revisions"}],"predecessor-version":[{"id":3029,"href":"https:\/\/radiocristianaenlinea.com\/radiocristiana\/wp-json\/wp\/v2\/posts\/3027\/revisions\/3029"}],"wp:featuredmedia":[{"embeddable":true,"href":"https:\/\/radiocristianaenlinea.com\/radiocristiana\/wp-json\/wp\/v2\/media\/3028"}],"wp:attachment":[{"href":"https:\/\/radiocristianaenlinea.com\/radiocristiana\/wp-json\/wp\/v2\/media?parent=3027"}],"wp:term":[{"taxonomy":"category","embeddable":true,"href":"https:\/\/radiocristianaenlinea.com\/radiocristiana\/wp-json\/wp\/v2\/categories?post=3027"},{"taxonomy":"post_tag","embeddable":true,"href":"https:\/\/radiocristianaenlinea.com\/radiocristiana\/wp-json\/wp\/v2\/tags?post=3027"}],"curies":[{"name":"wp","href":"https:\/\/api.w.org\/{rel}","templated":true}]}}