{"id":3112,"date":"2018-04-19T11:29:45","date_gmt":"2018-04-19T16:29:45","guid":{"rendered":"https:\/\/radiocristianaenlinea.com\/radiocristiana\/?p=3112"},"modified":"2018-04-19T11:29:45","modified_gmt":"2018-04-19T16:29:45","slug":"pan-diario-viernes-13-de-abril-2018","status":"publish","type":"post","link":"https:\/\/radiocristianaenlinea.com\/radiocristiana\/2018\/04\/19\/pan-diario-viernes-13-de-abril-2018\/","title":{"rendered":"Pan Diario Viernes 13 de abril 2018"},"content":{"rendered":"<p><strong>Venid a m\u00ed todos los que est\u00e1is trabajados y cargados, que yo os har\u00e9 descansar.<\/strong><br \/>\n<strong> MATEO 11:28<\/strong><\/p>\n<p>El alma o la mente del hombre es como una esponja tanto en su consciente como el subconsciente, y continuamente est\u00e1 absorbiendo los movimientos de los cuidados del mundo en derredor de s\u00ed, y absorbe las emociones y los esp\u00edritus de la gente que lo rodea, de tal manera que necesita acercarse diariamente al trono de la gracia y vaciarse a s\u00ed mismo, y permitir que la cabeza, Cristo, lo gu\u00ede a Su perfecta paz y descanso.<\/p>\n","protected":false},"excerpt":{"rendered":"<p>Venid a m\u00ed todos los que est\u00e1is trabajados y cargados, que yo os har\u00e9 descansar. MATEO 11:28 El alma o la mente del hombre es como una esponja tanto en su consciente como el subconsciente, y continuamente est\u00e1 absorbiendo los movimientos de los cuidados del mundo en derredor de s\u00ed, y absorbe las emociones y [&hellip;]<\/p>\n","protected":false},"author":1,"featured_media":3113,"comment_status":"closed","ping_status":"closed","sticky":false,"template":"","format":"standard","meta":{"_crdt_document":"","_monsterinsights_skip_tracking":false,"_monsterinsights_sitenote_active":false,"_monsterinsights_sitenote_note":"","_monsterinsights_sitenote_category":0,"footnotes":""},"categories":[174],"tags":[297,335,197,48],"class_list":{"0":"post-3112","1":"post","2":"type-post","3":"status-publish","4":"format-standard","5":"has-post-thumbnail","6":"hentry","7":"category-pan-diario","8":"tag-la-radio-que-te-da-paz","9":"tag-mateo-1128","10":"tag-pan-diario","11":"tag-radiocristianaenlinea","13":"post-with-thumbnail","14":"post-with-thumbnail-large"},"aioseo_notices":[],"_links":{"self":[{"href":"https:\/\/radiocristianaenlinea.com\/radiocristiana\/wp-json\/wp\/v2\/posts\/3112","targetHints":{"allow":["GET"]}}],"collection":[{"href":"https:\/\/radiocristianaenlinea.com\/radiocristiana\/wp-json\/wp\/v2\/posts"}],"about":[{"href":"https:\/\/radiocristianaenlinea.com\/radiocristiana\/wp-json\/wp\/v2\/types\/post"}],"author":[{"embeddable":true,"href":"https:\/\/radiocristianaenlinea.com\/radiocristiana\/wp-json\/wp\/v2\/users\/1"}],"replies":[{"embeddable":true,"href":"https:\/\/radiocristianaenlinea.com\/radiocristiana\/wp-json\/wp\/v2\/comments?post=3112"}],"version-history":[{"count":1,"href":"https:\/\/radiocristianaenlinea.com\/radiocristiana\/wp-json\/wp\/v2\/posts\/3112\/revisions"}],"predecessor-version":[{"id":3114,"href":"https:\/\/radiocristianaenlinea.com\/radiocristiana\/wp-json\/wp\/v2\/posts\/3112\/revisions\/3114"}],"wp:featuredmedia":[{"embeddable":true,"href":"https:\/\/radiocristianaenlinea.com\/radiocristiana\/wp-json\/wp\/v2\/media\/3113"}],"wp:attachment":[{"href":"https:\/\/radiocristianaenlinea.com\/radiocristiana\/wp-json\/wp\/v2\/media?parent=3112"}],"wp:term":[{"taxonomy":"category","embeddable":true,"href":"https:\/\/radiocristianaenlinea.com\/radiocristiana\/wp-json\/wp\/v2\/categories?post=3112"},{"taxonomy":"post_tag","embeddable":true,"href":"https:\/\/radiocristianaenlinea.com\/radiocristiana\/wp-json\/wp\/v2\/tags?post=3112"}],"curies":[{"name":"wp","href":"https:\/\/api.w.org\/{rel}","templated":true}]}}