{"id":3115,"date":"2018-04-19T11:40:57","date_gmt":"2018-04-19T16:40:57","guid":{"rendered":"https:\/\/radiocristianaenlinea.com\/radiocristiana\/?p=3115"},"modified":"2018-04-19T11:40:57","modified_gmt":"2018-04-19T16:40:57","slug":"pan-diario-lunes-16-de-abril-2018","status":"publish","type":"post","link":"https:\/\/radiocristianaenlinea.com\/radiocristiana\/2018\/04\/19\/pan-diario-lunes-16-de-abril-2018\/","title":{"rendered":"Pan diario Lunes 16 de abril 2018"},"content":{"rendered":"<p><strong>Venid a m\u00ed todos los que est\u00e1is trabajados y cargados, que yo os har\u00e9 descansar.<\/strong><br \/>\n<strong>MATEO 11:28<\/strong><\/p>\n<p>El testimonio de David en el Salmo 23: era:<br \/>\n\u201cEn lugares de delicados pastos me har\u00e1 yacer\u201d.<\/p>\n<p>Cierto, Jes\u00fas nos har\u00e1 reposar en Sus pastos tiernos y verdes, pero primero debemos entregarnos a estar dispuestos a dejar que nos gu\u00ede.<\/p>\n<p>Nuevamente dijo Jes\u00fas:<br \/>\n\u201cVenid a m\u00ed todos los que est\u00e1is trabajados y cargados, que yo os har\u00e9 DESCANSAR\u201d<br \/>\nMATEO 11:28<\/p>\n<p>No podemos conducirnos a nosotros mismos, pero al entregarnos a \u00c9l diariamente, \u00c9l nos lleva hacia nuevos pastos de reposo.<\/p>\n","protected":false},"excerpt":{"rendered":"<p>Venid a m\u00ed todos los que est\u00e1is trabajados y cargados, que yo os har\u00e9 descansar. MATEO 11:28 El testimonio de David en el Salmo 23: era: \u201cEn lugares de delicados pastos me har\u00e1 yacer\u201d. Cierto, Jes\u00fas nos har\u00e1 reposar en Sus pastos tiernos y verdes, pero primero debemos entregarnos a estar dispuestos a dejar que [&hellip;]<\/p>\n","protected":false},"author":1,"featured_media":3116,"comment_status":"closed","ping_status":"closed","sticky":false,"template":"","format":"standard","meta":{"_crdt_document":"","_monsterinsights_skip_tracking":false,"_monsterinsights_sitenote_active":false,"_monsterinsights_sitenote_note":"","_monsterinsights_sitenote_category":0,"footnotes":""},"categories":[174],"tags":[297,335,197,48,336],"class_list":{"0":"post-3115","1":"post","2":"type-post","3":"status-publish","4":"format-standard","5":"has-post-thumbnail","6":"hentry","7":"category-pan-diario","8":"tag-la-radio-que-te-da-paz","9":"tag-mateo-1128","10":"tag-pan-diario","11":"tag-radiocristianaenlinea","12":"tag-salmo-23","14":"post-with-thumbnail","15":"post-with-thumbnail-large"},"aioseo_notices":[],"_links":{"self":[{"href":"https:\/\/radiocristianaenlinea.com\/radiocristiana\/wp-json\/wp\/v2\/posts\/3115","targetHints":{"allow":["GET"]}}],"collection":[{"href":"https:\/\/radiocristianaenlinea.com\/radiocristiana\/wp-json\/wp\/v2\/posts"}],"about":[{"href":"https:\/\/radiocristianaenlinea.com\/radiocristiana\/wp-json\/wp\/v2\/types\/post"}],"author":[{"embeddable":true,"href":"https:\/\/radiocristianaenlinea.com\/radiocristiana\/wp-json\/wp\/v2\/users\/1"}],"replies":[{"embeddable":true,"href":"https:\/\/radiocristianaenlinea.com\/radiocristiana\/wp-json\/wp\/v2\/comments?post=3115"}],"version-history":[{"count":1,"href":"https:\/\/radiocristianaenlinea.com\/radiocristiana\/wp-json\/wp\/v2\/posts\/3115\/revisions"}],"predecessor-version":[{"id":3117,"href":"https:\/\/radiocristianaenlinea.com\/radiocristiana\/wp-json\/wp\/v2\/posts\/3115\/revisions\/3117"}],"wp:featuredmedia":[{"embeddable":true,"href":"https:\/\/radiocristianaenlinea.com\/radiocristiana\/wp-json\/wp\/v2\/media\/3116"}],"wp:attachment":[{"href":"https:\/\/radiocristianaenlinea.com\/radiocristiana\/wp-json\/wp\/v2\/media?parent=3115"}],"wp:term":[{"taxonomy":"category","embeddable":true,"href":"https:\/\/radiocristianaenlinea.com\/radiocristiana\/wp-json\/wp\/v2\/categories?post=3115"},{"taxonomy":"post_tag","embeddable":true,"href":"https:\/\/radiocristianaenlinea.com\/radiocristiana\/wp-json\/wp\/v2\/tags?post=3115"}],"curies":[{"name":"wp","href":"https:\/\/api.w.org\/{rel}","templated":true}]}}