{"id":3144,"date":"2018-05-04T10:47:27","date_gmt":"2018-05-04T15:47:27","guid":{"rendered":"https:\/\/radiocristianaenlinea.com\/radiocristiana\/?p=3144"},"modified":"2018-05-04T10:47:27","modified_gmt":"2018-05-04T15:47:27","slug":"pan-diario-miercoles-2-de-mayo-2018","status":"publish","type":"post","link":"https:\/\/radiocristianaenlinea.com\/radiocristiana\/2018\/05\/04\/pan-diario-miercoles-2-de-mayo-2018\/","title":{"rendered":"Pan Diario Mi\u00e9rcoles 2 de mayo 2018"},"content":{"rendered":"<p>Jueves<br \/>\n3<br \/>\nMayo<\/p>\n<p><strong>\u00bfQu\u00e9 es vuestra vida? Ciertamente es neblina que se aparece por un poco de tiempo, y luego se desvanece.<\/strong><br \/>\n<strong>Santiago 4:14<\/strong><br \/>\n<strong>Si oyereis hoy su voz, no endurezc\u00e1is vuestros corazones.<\/strong><br \/>\n<strong>Hebreos 4:7<\/strong><br \/>\n\u00a1No pod\u00eda saberlo!<br \/>\nEl a\u00f1o pasado tuve en mi clase de \u00faltimo curso de estudios secundarios un alumno poco aplicado. Estaba muy seguro de s\u00ed mismo y siempre esperaba el \u00faltimo momento para ponerse a trabajar. Dos meses antes de presentar los ex\u00e1menes finales tuvo un accidente automovil\u00edstico grave. Tuvo que permanecer varias semanas en el hospital y no aprob\u00f3 los ex\u00e1menes. Este a\u00f1o volv\u00ed a tenerlo en clase y me dijo: \u00abEs normal, no pude estudiar, no tuve suerte; \u00a1no pod\u00eda saberlo!\u00bb.<\/p>\n<p>Es cierto, no pod\u00eda saberlo; nadie puede saber qu\u00e9 le suceder\u00e1 ma\u00f1ana. Precisamente por eso debemos prepararnos, reflexionar a largo plazo, ver m\u00e1s all\u00e1 de nuestra vida terrenal, que puede interrumpirse en cualquier momento. La pregunta es demasiado seria para no pensar en ella. \u00bfD\u00f3nde pasaremos la eternidad si nuestra vida se trunca brutalmente? \u00bfEstamos listos para encontrarnos con Dios?<\/p>\n<p>Satan\u00e1s no es un mito, sino un poder espiritual real, y trata de llevarnos con \u00e9l al infierno. Para ello emplea diversas estrategias, en particular distrae nuestra atenci\u00f3n y nos agobia mediante toda clase de medios. \u00a1No nos dejemos enga\u00f1ar por \u00e9l! Tomemos el tiempo de escuchar hoy la voz de Dios que nos invita a arrepentirnos de nuestros pecados y a aceptar su perd\u00f3n mediante la fe en Jesucristo. \u00bfTendremos nuevamente la oportunidad de hacerlo?<\/p>\n<p>\u201cPrep\u00e1rate para venir al encuentro de tu Dios\u201d (Am\u00f3s 4:12).<\/p>\n<p>\u201cHe aqu\u00ed ahora el tiempo aceptable; he aqu\u00ed ahora el d\u00eda de salvaci\u00f3n\u201d (2 Corintios 6:2).<\/p>\n","protected":false},"excerpt":{"rendered":"<p>Jueves 3 Mayo \u00bfQu\u00e9 es vuestra vida? Ciertamente es neblina que se aparece por un poco de tiempo, y luego se desvanece. Santiago 4:14 Si oyereis hoy su voz, no endurezc\u00e1is vuestros corazones. Hebreos 4:7 \u00a1No pod\u00eda saberlo! El a\u00f1o pasado tuve en mi clase de \u00faltimo curso de estudios secundarios un alumno poco aplicado. [&hellip;]<\/p>\n","protected":false},"author":1,"featured_media":3145,"comment_status":"closed","ping_status":"closed","sticky":false,"template":"","format":"standard","meta":{"_crdt_document":"","_monsterinsights_skip_tracking":false,"_monsterinsights_sitenote_active":false,"_monsterinsights_sitenote_note":"","_monsterinsights_sitenote_category":0,"footnotes":""},"categories":[174],"tags":[348,306,297,197,48,347],"class_list":{"0":"post-3144","1":"post","2":"type-post","3":"status-publish","4":"format-standard","5":"has-post-thumbnail","6":"hentry","7":"category-pan-diario","8":"tag-hebreos-47","9":"tag-la-estacion-que-te-da-paz","10":"tag-la-radio-que-te-da-paz","11":"tag-pan-diario","12":"tag-radiocristianaenlinea","13":"tag-santiago-414","15":"post-with-thumbnail","16":"post-with-thumbnail-large"},"aioseo_notices":[],"_links":{"self":[{"href":"https:\/\/radiocristianaenlinea.com\/radiocristiana\/wp-json\/wp\/v2\/posts\/3144","targetHints":{"allow":["GET"]}}],"collection":[{"href":"https:\/\/radiocristianaenlinea.com\/radiocristiana\/wp-json\/wp\/v2\/posts"}],"about":[{"href":"https:\/\/radiocristianaenlinea.com\/radiocristiana\/wp-json\/wp\/v2\/types\/post"}],"author":[{"embeddable":true,"href":"https:\/\/radiocristianaenlinea.com\/radiocristiana\/wp-json\/wp\/v2\/users\/1"}],"replies":[{"embeddable":true,"href":"https:\/\/radiocristianaenlinea.com\/radiocristiana\/wp-json\/wp\/v2\/comments?post=3144"}],"version-history":[{"count":1,"href":"https:\/\/radiocristianaenlinea.com\/radiocristiana\/wp-json\/wp\/v2\/posts\/3144\/revisions"}],"predecessor-version":[{"id":3146,"href":"https:\/\/radiocristianaenlinea.com\/radiocristiana\/wp-json\/wp\/v2\/posts\/3144\/revisions\/3146"}],"wp:featuredmedia":[{"embeddable":true,"href":"https:\/\/radiocristianaenlinea.com\/radiocristiana\/wp-json\/wp\/v2\/media\/3145"}],"wp:attachment":[{"href":"https:\/\/radiocristianaenlinea.com\/radiocristiana\/wp-json\/wp\/v2\/media?parent=3144"}],"wp:term":[{"taxonomy":"category","embeddable":true,"href":"https:\/\/radiocristianaenlinea.com\/radiocristiana\/wp-json\/wp\/v2\/categories?post=3144"},{"taxonomy":"post_tag","embeddable":true,"href":"https:\/\/radiocristianaenlinea.com\/radiocristiana\/wp-json\/wp\/v2\/tags?post=3144"}],"curies":[{"name":"wp","href":"https:\/\/api.w.org\/{rel}","templated":true}]}}