{"id":3165,"date":"2018-05-15T14:30:51","date_gmt":"2018-05-15T19:30:51","guid":{"rendered":"https:\/\/radiocristianaenlinea.com\/radiocristiana\/?p=3165"},"modified":"2018-05-15T14:31:22","modified_gmt":"2018-05-15T19:31:22","slug":"pan-diario-lunes-7-de-mayo-2018","status":"publish","type":"post","link":"https:\/\/radiocristianaenlinea.com\/radiocristiana\/2018\/05\/15\/pan-diario-lunes-7-de-mayo-2018\/","title":{"rendered":"Pan Diario Lunes 7 de Mayo 2018"},"content":{"rendered":"<p><strong>Lunes<\/strong><br \/>\n<strong>7<\/strong><br \/>\n<strong>Mayo<\/strong><\/p>\n<p><strong>Todo lo que es verdadero, todo lo honesto, todo lo justo, todo lo puro, todo lo amable, todo lo que es de buen nombre; si hay virtud alguna, si algo digno de alabanza, en esto pensad.<\/strong><br \/>\n<strong>Filipenses 4:8<\/strong><br \/>\nEs cuesti\u00f3n de valores<br \/>\nEn el curso de una entrevista, un editorialista declar\u00f3: \u00abHemos pasado a un periodo de incertidumbre en cuanto a nuestros valores\u00bb. Hablaba de nuestros valores morales, los que gobiernan nuestro comportamiento en la sociedad actual. En los pa\u00edses cristianizados estos valores se apoyaban en gran parte en la Biblia. Hoy todos esos valores son cuestionados porque Dios y su Palabra han sido dejados de lado o ignorados. Sin embargo, la Biblia sigue siendo, desde hace miles de a\u00f1os, una gu\u00eda segura.<\/p>\n<p>\u201cTu palabra es verdad\u201d (Juan 17:17). Contiene en s\u00ed misma los argumentos que dan prueba de ello, pues es \u201cinspirada por Dios, y \u00fatil para ense\u00f1ar, para redarg\u00fcir\u201d (2 Timoteo 3:16).<\/p>\n<p>Escucharla hace nacer la fe, que viene por o\u00edr la Palabra de Dios (Romanos 10:17): creemos en Jes\u00fas, quien mediante su muerte en la cruz nos ofrece el perd\u00f3n divino y todas las bendiciones que emanan de \u00e9l. Conocemos a Dios como un Dios de amor. Descubrimos los valores que Dios aprecia, todos ellos reunidos en la persona y en la obra de su muy amado Hijo. Nosotros los creyentes somos exhortados a no guardar ese tesoro para nosotros mismos, sino a manifestar los caracteres de Jes\u00fas y a hacerlos brillar en este mundo.<\/p>\n<p>\u201cA\u00f1adid a vuestra fe virtud; a la virtud, conocimiento; al conocimiento, dominio propio; al dominio propio, paciencia; a la paciencia, piedad; a la piedad, afecto fraternal; y al afecto fraternal, amor\u201d (2 Pedro 1:5-7).<\/p>\n<p>!! Se\u00f1or ay\u00fadame para que nada ni nadie me aparte de la ense\u00f1anza de tu bendita palabra y tambi\u00e9n ay\u00fadame a ponerla por obra!! En el nombre de Jesucristo am\u00e9n ??<\/p>\n","protected":false},"excerpt":{"rendered":"<p>Lunes 7 Mayo Todo lo que es verdadero, todo lo honesto, todo lo justo, todo lo puro, todo lo amable, todo lo que es de buen nombre; si hay virtud alguna, si algo digno de alabanza, en esto pensad. Filipenses 4:8 Es cuesti\u00f3n de valores En el curso de una entrevista, un editorialista declar\u00f3: \u00abHemos [&hellip;]<\/p>\n","protected":false},"author":1,"featured_media":3167,"comment_status":"closed","ping_status":"closed","sticky":false,"template":"","format":"standard","meta":{"_crdt_document":"","_monsterinsights_skip_tracking":false,"_monsterinsights_sitenote_active":false,"_monsterinsights_sitenote_note":"","_monsterinsights_sitenote_category":0,"footnotes":""},"categories":[174],"tags":[351,297,197,48],"class_list":{"0":"post-3165","1":"post","2":"type-post","3":"status-publish","4":"format-standard","5":"has-post-thumbnail","6":"hentry","7":"category-pan-diario","8":"tag-filipenses-48","9":"tag-la-radio-que-te-da-paz","10":"tag-pan-diario","11":"tag-radiocristianaenlinea","13":"post-with-thumbnail","14":"post-with-thumbnail-large"},"aioseo_notices":[],"_links":{"self":[{"href":"https:\/\/radiocristianaenlinea.com\/radiocristiana\/wp-json\/wp\/v2\/posts\/3165","targetHints":{"allow":["GET"]}}],"collection":[{"href":"https:\/\/radiocristianaenlinea.com\/radiocristiana\/wp-json\/wp\/v2\/posts"}],"about":[{"href":"https:\/\/radiocristianaenlinea.com\/radiocristiana\/wp-json\/wp\/v2\/types\/post"}],"author":[{"embeddable":true,"href":"https:\/\/radiocristianaenlinea.com\/radiocristiana\/wp-json\/wp\/v2\/users\/1"}],"replies":[{"embeddable":true,"href":"https:\/\/radiocristianaenlinea.com\/radiocristiana\/wp-json\/wp\/v2\/comments?post=3165"}],"version-history":[{"count":1,"href":"https:\/\/radiocristianaenlinea.com\/radiocristiana\/wp-json\/wp\/v2\/posts\/3165\/revisions"}],"predecessor-version":[{"id":3166,"href":"https:\/\/radiocristianaenlinea.com\/radiocristiana\/wp-json\/wp\/v2\/posts\/3165\/revisions\/3166"}],"wp:featuredmedia":[{"embeddable":true,"href":"https:\/\/radiocristianaenlinea.com\/radiocristiana\/wp-json\/wp\/v2\/media\/3167"}],"wp:attachment":[{"href":"https:\/\/radiocristianaenlinea.com\/radiocristiana\/wp-json\/wp\/v2\/media?parent=3165"}],"wp:term":[{"taxonomy":"category","embeddable":true,"href":"https:\/\/radiocristianaenlinea.com\/radiocristiana\/wp-json\/wp\/v2\/categories?post=3165"},{"taxonomy":"post_tag","embeddable":true,"href":"https:\/\/radiocristianaenlinea.com\/radiocristiana\/wp-json\/wp\/v2\/tags?post=3165"}],"curies":[{"name":"wp","href":"https:\/\/api.w.org\/{rel}","templated":true}]}}