{"id":3168,"date":"2018-05-15T14:41:35","date_gmt":"2018-05-15T19:41:35","guid":{"rendered":"https:\/\/radiocristianaenlinea.com\/radiocristiana\/?p=3168"},"modified":"2018-05-15T14:41:35","modified_gmt":"2018-05-15T19:41:35","slug":"pan-diario-miercoles-9-de-mayo-2018","status":"publish","type":"post","link":"https:\/\/radiocristianaenlinea.com\/radiocristiana\/2018\/05\/15\/pan-diario-miercoles-9-de-mayo-2018\/","title":{"rendered":"Pan Diario Mi\u00e9rcoles 9 de Mayo 2018"},"content":{"rendered":"<p><strong>9 de mayo<\/strong><br \/>\n<strong>\u201cSin retorno\u201d<\/strong><br \/>\n<strong>Bill Crowder<\/strong><\/p>\n<p><strong>Santiago 3:1-12<\/strong><br \/>\n<strong>Y la lengua es un fuego, un mundo de maldad. [\u2026] est\u00e1 puesta entre nuestros miembros, y contamina todo el cuerpo\u2026 (v. 6).<\/strong><\/p>\n<p>No era tan solo cruzar un r\u00edo. Por ley, ning\u00fan general romano pod\u00eda introducir sus tropas armadas en Roma. Por eso, cuando Julio C\u00e9sar cruz\u00f3 con su Legio xiii el r\u00edo Rubic\u00f3n para entrar en Italia, en el 49 a.C., se consider\u00f3 un acto de traici\u00f3n. El impacto de su decisi\u00f3n fue irreversible, ya que le siguieron a\u00f1os de guerra civil. A\u00fan hoy, la frase \u00abcruzar el Rubic\u00f3n\u00bb es una met\u00e1fora de \u00abllegar a un punto donde no hay retorno\u00bb.<\/p>\n<p>A veces, podemos cruzar un Rubic\u00f3n relacional con nuestras palabras. Una vez que las decimos, no se pueden volver atr\u00e1s. O brindan ayuda y consuelo, o producen un da\u00f1o tan irreversible como la marcha del C\u00e9sar a Roma. Santiago ofrece otra descripci\u00f3n de las palabras, cuando dice: \u00abla lengua es un fuego, un mundo de maldad. La lengua est\u00e1 puesta entre nuestros miembros, y contamina todo el cuerpo, e inflama la rueda de la creaci\u00f3n, y ella misma es inflamada por el infierno\u00bb (Santiago 3:6).<\/p>\n<p>Si tememos haber cruzado el Rubic\u00f3n contra alguien, podemos pedirle perd\u00f3n a esa persona\u2026 y a Dios (Mateo 5:23-24; 1 Juan 1:9). Pero lo mejor es depender cada d\u00eda del Esp\u00edritu de Dios, que nos dice: \u00abSea vuestra palabra siempre con gracia\u00bb (Colosenses 4:6), para no solo honrar al Se\u00f1or, sino tambi\u00e9n edificar y alentar a quienes nos rodean.<\/p>\n<p>Se\u00f1or, ay\u00fadame a medir mis palabras hoy.<br \/>\nCuando las palabras se vuelven armas, los dem\u00e1s salen heridos.<\/p>\n","protected":false},"excerpt":{"rendered":"<p>9 de mayo \u201cSin retorno\u201d Bill Crowder Santiago 3:1-12 Y la lengua es un fuego, un mundo de maldad. [\u2026] est\u00e1 puesta entre nuestros miembros, y contamina todo el cuerpo\u2026 (v. 6). No era tan solo cruzar un r\u00edo. Por ley, ning\u00fan general romano pod\u00eda introducir sus tropas armadas en Roma. Por eso, cuando Julio [&hellip;]<\/p>\n","protected":false},"author":1,"featured_media":3169,"comment_status":"closed","ping_status":"closed","sticky":false,"template":"","format":"standard","meta":{"_crdt_document":"","_monsterinsights_skip_tracking":false,"_monsterinsights_sitenote_active":false,"_monsterinsights_sitenote_note":"","_monsterinsights_sitenote_category":0,"footnotes":""},"categories":[174],"tags":[297,197,48,352],"class_list":{"0":"post-3168","1":"post","2":"type-post","3":"status-publish","4":"format-standard","5":"has-post-thumbnail","6":"hentry","7":"category-pan-diario","8":"tag-la-radio-que-te-da-paz","9":"tag-pan-diario","10":"tag-radiocristianaenlinea","11":"tag-santiago-31-12","13":"post-with-thumbnail","14":"post-with-thumbnail-large"},"aioseo_notices":[],"_links":{"self":[{"href":"https:\/\/radiocristianaenlinea.com\/radiocristiana\/wp-json\/wp\/v2\/posts\/3168","targetHints":{"allow":["GET"]}}],"collection":[{"href":"https:\/\/radiocristianaenlinea.com\/radiocristiana\/wp-json\/wp\/v2\/posts"}],"about":[{"href":"https:\/\/radiocristianaenlinea.com\/radiocristiana\/wp-json\/wp\/v2\/types\/post"}],"author":[{"embeddable":true,"href":"https:\/\/radiocristianaenlinea.com\/radiocristiana\/wp-json\/wp\/v2\/users\/1"}],"replies":[{"embeddable":true,"href":"https:\/\/radiocristianaenlinea.com\/radiocristiana\/wp-json\/wp\/v2\/comments?post=3168"}],"version-history":[{"count":1,"href":"https:\/\/radiocristianaenlinea.com\/radiocristiana\/wp-json\/wp\/v2\/posts\/3168\/revisions"}],"predecessor-version":[{"id":3170,"href":"https:\/\/radiocristianaenlinea.com\/radiocristiana\/wp-json\/wp\/v2\/posts\/3168\/revisions\/3170"}],"wp:featuredmedia":[{"embeddable":true,"href":"https:\/\/radiocristianaenlinea.com\/radiocristiana\/wp-json\/wp\/v2\/media\/3169"}],"wp:attachment":[{"href":"https:\/\/radiocristianaenlinea.com\/radiocristiana\/wp-json\/wp\/v2\/media?parent=3168"}],"wp:term":[{"taxonomy":"category","embeddable":true,"href":"https:\/\/radiocristianaenlinea.com\/radiocristiana\/wp-json\/wp\/v2\/categories?post=3168"},{"taxonomy":"post_tag","embeddable":true,"href":"https:\/\/radiocristianaenlinea.com\/radiocristiana\/wp-json\/wp\/v2\/tags?post=3168"}],"curies":[{"name":"wp","href":"https:\/\/api.w.org\/{rel}","templated":true}]}}