{"id":3191,"date":"2018-05-17T11:33:42","date_gmt":"2018-05-17T16:33:42","guid":{"rendered":"https:\/\/radiocristianaenlinea.com\/radiocristiana\/?p=3191"},"modified":"2018-05-17T11:33:42","modified_gmt":"2018-05-17T16:33:42","slug":"devocional-lunes-7-de-mayo-2018","status":"publish","type":"post","link":"https:\/\/radiocristianaenlinea.com\/radiocristiana\/2018\/05\/17\/devocional-lunes-7-de-mayo-2018\/","title":{"rendered":"Devocional Lunes 7 de Mayo 2018"},"content":{"rendered":"<p><strong>1. Aconteci\u00f3 en el a\u00f1o und\u00e9cimo, en el mes tercero, el d\u00eda primero del mes, que vino a m\u00ed palabra de Jehov\u00e1, diciendo:<\/strong><\/p>\n<p><strong>2. Hijo de hombre, di a Fara\u00f3n rey de Egipto, y a su pueblo: \u00bfA qui\u00e9n te comparaste en tu grandeza?<\/strong><\/p>\n<p><strong>3. He aqu\u00ed era el Asirio cedro en el L\u00edbano, hermoso en ramas, hombros o con sus ramos, y de grande altura, y su copa estaba entre densas ramas.<\/strong><\/p>\n<p><strong>4. Las aguas lo hicieron crecer, encumbr\u00f3lo el abismo: sus r\u00edos iban alrededor de su pie, y a todos los \u00e1rboles del campo enviaba sus corrientes.<\/strong><\/p>\n<p><strong>5. Por tanto, se encumbr\u00f3 su altura sobre todos los \u00e1rboles del campo, y multiplicaronse sus ramos, y a causa de las muchas aguas se alargaron sus ramas que hab\u00eda echado.<\/strong><br \/>\n<strong>EZEQUIEL 31:<\/strong><\/p>\n<p>Si Dios hubiera permitido que Israel siguiera en su camino voluntarioso, se hubiera apagado toda su vida espiritual antes de que fuera tiempo y El Salvador naciera en el mundo.<\/p>\n<p>Fue entonces cuando la voluntad redentora de Dios exalt\u00f3 a la naci\u00f3n Asiria para ejercer su poder sobre Israel.<\/p>\n<p>El prop\u00f3sito redentor de Dios en la exaltaci\u00f3n de Asiria y la humillaci\u00f3n de Israel, fue la preservaci\u00f3n de la vida espiritual de Su pueblo.<\/p>\n<p>\u00c9l hizo que Israel regresara al sitio humilde, al sitio profundo, a fin de darle la vida y la estatura de Su Hijo d\u00e1ndole la oportunidad para crecer.<\/p>\n","protected":false},"excerpt":{"rendered":"<p>1. Aconteci\u00f3 en el a\u00f1o und\u00e9cimo, en el mes tercero, el d\u00eda primero del mes, que vino a m\u00ed palabra de Jehov\u00e1, diciendo: 2. Hijo de hombre, di a Fara\u00f3n rey de Egipto, y a su pueblo: \u00bfA qui\u00e9n te comparaste en tu grandeza? 3. He aqu\u00ed era el Asirio cedro en el L\u00edbano, hermoso [&hellip;]<\/p>\n","protected":false},"author":1,"featured_media":3192,"comment_status":"closed","ping_status":"closed","sticky":false,"template":"","format":"standard","meta":{"_crdt_document":"","_monsterinsights_skip_tracking":false,"_monsterinsights_sitenote_active":false,"_monsterinsights_sitenote_note":"","_monsterinsights_sitenote_category":0,"footnotes":""},"categories":[3],"tags":[52,74,346,297,48],"class_list":{"0":"post-3191","1":"post","2":"type-post","3":"status-publish","4":"format-standard","5":"has-post-thumbnail","6":"hentry","7":"category-devocionales","8":"tag-devocional","9":"tag-devocionales","10":"tag-ezequiel-31","11":"tag-la-radio-que-te-da-paz","12":"tag-radiocristianaenlinea","14":"post-with-thumbnail","15":"post-with-thumbnail-large"},"aioseo_notices":[],"_links":{"self":[{"href":"https:\/\/radiocristianaenlinea.com\/radiocristiana\/wp-json\/wp\/v2\/posts\/3191","targetHints":{"allow":["GET"]}}],"collection":[{"href":"https:\/\/radiocristianaenlinea.com\/radiocristiana\/wp-json\/wp\/v2\/posts"}],"about":[{"href":"https:\/\/radiocristianaenlinea.com\/radiocristiana\/wp-json\/wp\/v2\/types\/post"}],"author":[{"embeddable":true,"href":"https:\/\/radiocristianaenlinea.com\/radiocristiana\/wp-json\/wp\/v2\/users\/1"}],"replies":[{"embeddable":true,"href":"https:\/\/radiocristianaenlinea.com\/radiocristiana\/wp-json\/wp\/v2\/comments?post=3191"}],"version-history":[{"count":1,"href":"https:\/\/radiocristianaenlinea.com\/radiocristiana\/wp-json\/wp\/v2\/posts\/3191\/revisions"}],"predecessor-version":[{"id":3193,"href":"https:\/\/radiocristianaenlinea.com\/radiocristiana\/wp-json\/wp\/v2\/posts\/3191\/revisions\/3193"}],"wp:featuredmedia":[{"embeddable":true,"href":"https:\/\/radiocristianaenlinea.com\/radiocristiana\/wp-json\/wp\/v2\/media\/3192"}],"wp:attachment":[{"href":"https:\/\/radiocristianaenlinea.com\/radiocristiana\/wp-json\/wp\/v2\/media?parent=3191"}],"wp:term":[{"taxonomy":"category","embeddable":true,"href":"https:\/\/radiocristianaenlinea.com\/radiocristiana\/wp-json\/wp\/v2\/categories?post=3191"},{"taxonomy":"post_tag","embeddable":true,"href":"https:\/\/radiocristianaenlinea.com\/radiocristiana\/wp-json\/wp\/v2\/tags?post=3191"}],"curies":[{"name":"wp","href":"https:\/\/api.w.org\/{rel}","templated":true}]}}