{"id":3197,"date":"2018-05-17T12:06:32","date_gmt":"2018-05-17T17:06:32","guid":{"rendered":"https:\/\/radiocristianaenlinea.com\/radiocristiana\/?p=3197"},"modified":"2018-05-17T12:06:32","modified_gmt":"2018-05-17T17:06:32","slug":"devocional-9-de-mayo-2018","status":"publish","type":"post","link":"https:\/\/radiocristianaenlinea.com\/radiocristiana\/2018\/05\/17\/devocional-9-de-mayo-2018\/","title":{"rendered":"Devocional 9 de Mayo 2018"},"content":{"rendered":"<p><strong>Ll\u00e9vame en pos de ti, correremos.<\/strong><br \/>\n<strong> Meti\u00f3me el rey en sus c\u00e1maras:<\/strong><br \/>\n<strong>Nos gozaremos y alegraremos en ti;<\/strong><br \/>\n<strong>Acordar\u00e9monos de tus amores <\/strong><br \/>\n<strong> m\u00e1s que del vino:<\/strong><br \/>\n<strong>Los rectos te aman.<\/strong><br \/>\n<strong>CANTARES 1:4<\/strong><\/p>\n<p>Si vuestra carne os detiene, crucificadla.<\/p>\n<p>Jes\u00fas cuando expon\u00eda el serm\u00f3n del monte, lleg\u00f3 a\u00fan a decir: &#8230;\u201dsi t\u00fa ojo derecho te fuere ocasi\u00f3n de caer, s\u00e1calo&#8230; Y si tu mano derecha te fuere ocasi\u00f3n de caer, c\u00f3rtala y \u00e9chala de ti.<br \/>\n(MATEO 5:29,30)<\/p>\n<p>Bendito sea Su Santo y precioso Nombre, por Su fidelidad al atraer a aquellos que tienen el deseo de correr en pos de \u00c9l Se\u00f1or Jesucristo.<\/p>\n","protected":false},"excerpt":{"rendered":"<p>Ll\u00e9vame en pos de ti, correremos. Meti\u00f3me el rey en sus c\u00e1maras: Nos gozaremos y alegraremos en ti; Acordar\u00e9monos de tus amores m\u00e1s que del vino: Los rectos te aman. CANTARES 1:4 Si vuestra carne os detiene, crucificadla. Jes\u00fas cuando expon\u00eda el serm\u00f3n del monte, lleg\u00f3 a\u00fan a decir: &#8230;\u201dsi t\u00fa ojo derecho te fuere [&hellip;]<\/p>\n","protected":false},"author":1,"featured_media":3198,"comment_status":"closed","ping_status":"closed","sticky":false,"template":"","format":"standard","meta":{"_crdt_document":"","_monsterinsights_skip_tracking":false,"_monsterinsights_sitenote_active":false,"_monsterinsights_sitenote_note":"","_monsterinsights_sitenote_category":0,"footnotes":""},"categories":[3],"tags":[349,52,74,297,48],"class_list":{"0":"post-3197","1":"post","2":"type-post","3":"status-publish","4":"format-standard","5":"has-post-thumbnail","6":"hentry","7":"category-devocionales","8":"tag-cantares-14","9":"tag-devocional","10":"tag-devocionales","11":"tag-la-radio-que-te-da-paz","12":"tag-radiocristianaenlinea","14":"post-with-thumbnail","15":"post-with-thumbnail-large"},"aioseo_notices":[],"_links":{"self":[{"href":"https:\/\/radiocristianaenlinea.com\/radiocristiana\/wp-json\/wp\/v2\/posts\/3197","targetHints":{"allow":["GET"]}}],"collection":[{"href":"https:\/\/radiocristianaenlinea.com\/radiocristiana\/wp-json\/wp\/v2\/posts"}],"about":[{"href":"https:\/\/radiocristianaenlinea.com\/radiocristiana\/wp-json\/wp\/v2\/types\/post"}],"author":[{"embeddable":true,"href":"https:\/\/radiocristianaenlinea.com\/radiocristiana\/wp-json\/wp\/v2\/users\/1"}],"replies":[{"embeddable":true,"href":"https:\/\/radiocristianaenlinea.com\/radiocristiana\/wp-json\/wp\/v2\/comments?post=3197"}],"version-history":[{"count":1,"href":"https:\/\/radiocristianaenlinea.com\/radiocristiana\/wp-json\/wp\/v2\/posts\/3197\/revisions"}],"predecessor-version":[{"id":3199,"href":"https:\/\/radiocristianaenlinea.com\/radiocristiana\/wp-json\/wp\/v2\/posts\/3197\/revisions\/3199"}],"wp:featuredmedia":[{"embeddable":true,"href":"https:\/\/radiocristianaenlinea.com\/radiocristiana\/wp-json\/wp\/v2\/media\/3198"}],"wp:attachment":[{"href":"https:\/\/radiocristianaenlinea.com\/radiocristiana\/wp-json\/wp\/v2\/media?parent=3197"}],"wp:term":[{"taxonomy":"category","embeddable":true,"href":"https:\/\/radiocristianaenlinea.com\/radiocristiana\/wp-json\/wp\/v2\/categories?post=3197"},{"taxonomy":"post_tag","embeddable":true,"href":"https:\/\/radiocristianaenlinea.com\/radiocristiana\/wp-json\/wp\/v2\/tags?post=3197"}],"curies":[{"name":"wp","href":"https:\/\/api.w.org\/{rel}","templated":true}]}}