{"id":3200,"date":"2018-05-17T12:12:53","date_gmt":"2018-05-17T17:12:53","guid":{"rendered":"https:\/\/radiocristianaenlinea.com\/radiocristiana\/?p=3200"},"modified":"2018-05-17T12:21:14","modified_gmt":"2018-05-17T17:21:14","slug":"devocional-9-de-mayo-2018-2","status":"publish","type":"post","link":"https:\/\/radiocristianaenlinea.com\/radiocristiana\/2018\/05\/17\/devocional-9-de-mayo-2018-2\/","title":{"rendered":"Devocional 10 de Mayo 2018"},"content":{"rendered":"<p><strong>Ll\u00e9vame en pos de ti, correremos.<\/strong><br \/>\n<strong> Meti\u00f3me el rey en sus c\u00e1maras:<\/strong><br \/>\n<strong>Nos gozaremos y alegraremos en ti;<\/strong><br \/>\n<strong>Acordar\u00e9monos de tus amores <\/strong><br \/>\n<strong> m\u00e1s que del vino:<\/strong><br \/>\n<strong>Los rectos te aman.<\/strong><br \/>\n<strong>CANTARES 1:4<\/strong><\/p>\n<p>\u00a1Es tan f\u00e1cil seguir el camino de Dios! Jesucristo, nuestro Prometido Celestial, nos traer\u00e1 a s\u00ed Mismo si nosotros queremos ser atra\u00eddos.<\/p>\n<p>Incluso podemos pedirle que nos haga \u201cquerer\u201d,<\/p>\n<p>Porque Dios es el que en vosotros obra as\u00ed el querer como el hacer, por su buena voluntad\u201d<br \/>\nFILIPENSES 2:13.<\/p>\n<p>\u00c9l podr\u00e1 en nosotros el deseo la voluntad de ser atra\u00eddos, y entonces empezar\u00e1 a atraernos hacia \u00c9l. \u00a1Aleluya!<\/p>\n","protected":false},"excerpt":{"rendered":"<p>Ll\u00e9vame en pos de ti, correremos. Meti\u00f3me el rey en sus c\u00e1maras: Nos gozaremos y alegraremos en ti; Acordar\u00e9monos de tus amores m\u00e1s que del vino: Los rectos te aman. CANTARES 1:4 \u00a1Es tan f\u00e1cil seguir el camino de Dios! Jesucristo, nuestro Prometido Celestial, nos traer\u00e1 a s\u00ed Mismo si nosotros queremos ser atra\u00eddos. Incluso [&hellip;]<\/p>\n","protected":false},"author":1,"featured_media":3201,"comment_status":"closed","ping_status":"closed","sticky":false,"template":"","format":"standard","meta":{"_crdt_document":"","_monsterinsights_skip_tracking":false,"_monsterinsights_sitenote_active":false,"_monsterinsights_sitenote_note":"","_monsterinsights_sitenote_category":0,"footnotes":""},"categories":[3],"tags":[349,52,74,297,48],"class_list":{"0":"post-3200","1":"post","2":"type-post","3":"status-publish","4":"format-standard","5":"has-post-thumbnail","6":"hentry","7":"category-devocionales","8":"tag-cantares-14","9":"tag-devocional","10":"tag-devocionales","11":"tag-la-radio-que-te-da-paz","12":"tag-radiocristianaenlinea","14":"post-with-thumbnail","15":"post-with-thumbnail-large"},"aioseo_notices":[],"_links":{"self":[{"href":"https:\/\/radiocristianaenlinea.com\/radiocristiana\/wp-json\/wp\/v2\/posts\/3200","targetHints":{"allow":["GET"]}}],"collection":[{"href":"https:\/\/radiocristianaenlinea.com\/radiocristiana\/wp-json\/wp\/v2\/posts"}],"about":[{"href":"https:\/\/radiocristianaenlinea.com\/radiocristiana\/wp-json\/wp\/v2\/types\/post"}],"author":[{"embeddable":true,"href":"https:\/\/radiocristianaenlinea.com\/radiocristiana\/wp-json\/wp\/v2\/users\/1"}],"replies":[{"embeddable":true,"href":"https:\/\/radiocristianaenlinea.com\/radiocristiana\/wp-json\/wp\/v2\/comments?post=3200"}],"version-history":[{"count":2,"href":"https:\/\/radiocristianaenlinea.com\/radiocristiana\/wp-json\/wp\/v2\/posts\/3200\/revisions"}],"predecessor-version":[{"id":3207,"href":"https:\/\/radiocristianaenlinea.com\/radiocristiana\/wp-json\/wp\/v2\/posts\/3200\/revisions\/3207"}],"wp:featuredmedia":[{"embeddable":true,"href":"https:\/\/radiocristianaenlinea.com\/radiocristiana\/wp-json\/wp\/v2\/media\/3201"}],"wp:attachment":[{"href":"https:\/\/radiocristianaenlinea.com\/radiocristiana\/wp-json\/wp\/v2\/media?parent=3200"}],"wp:term":[{"taxonomy":"category","embeddable":true,"href":"https:\/\/radiocristianaenlinea.com\/radiocristiana\/wp-json\/wp\/v2\/categories?post=3200"},{"taxonomy":"post_tag","embeddable":true,"href":"https:\/\/radiocristianaenlinea.com\/radiocristiana\/wp-json\/wp\/v2\/tags?post=3200"}],"curies":[{"name":"wp","href":"https:\/\/api.w.org\/{rel}","templated":true}]}}