{"id":3203,"date":"2018-05-17T12:21:00","date_gmt":"2018-05-17T17:21:00","guid":{"rendered":"https:\/\/radiocristianaenlinea.com\/radiocristiana\/?p=3203"},"modified":"2018-05-17T12:21:00","modified_gmt":"2018-05-17T17:21:00","slug":"devocional-11-de-mayo-2018","status":"publish","type":"post","link":"https:\/\/radiocristianaenlinea.com\/radiocristiana\/2018\/05\/17\/devocional-11-de-mayo-2018\/","title":{"rendered":"Devocional 11 de Mayo 2018"},"content":{"rendered":"<p><strong>22. Rama fruct\u00edfera es Jos\u00e9,Rama fruct\u00edfera junto a una fuente,Cuyos v\u00e1stagos se extienden sobre el muro.<\/strong><\/p>\n<p><strong>23. Le causaron amargura,Le asaetearon,Y le aborrecieron los arqueros;<\/strong><\/p>\n<p><strong>24. Mas su arco se mantuvo poderoso,Y los brazos de sus manos se fortalecieronPor las manos del Fuerte de Jacob(Por el nombre del Pastor, la Roca de Israel),<\/strong><\/p>\n<p><strong>25. Por el Dios de tu padre, el cual te ayudar\u00e1,Por el Dios Omnipotente, el cual te bendecir\u00e1Con bendiciones de los cielos de arriba,Con bendiciones del abismo que est\u00e1 abajo,Con bendiciones de los pechos y del vientre.<\/strong><br \/>\n<strong>G\u00c9NESIS 49:<\/strong><\/p>\n<p>Dios siempre trabaja a trav\u00e9s de leyes y principios.<\/p>\n<p>Una de Sus leyes es la humildad antes que el honor.(Proverbios 18:12)<\/p>\n<p>Por lo tanto, sabemos qu\u00e9 Dios no derrama Sus bendiciones de prosperidad y exaltaci\u00f3n sobre aquellos que todav\u00eda no han sido fruct\u00edferos en el camino de la humildad.<\/p>\n<p>Jos\u00e9 aprendi\u00f3 bien sus lecciones de humildad.<\/p>\n<p>Y debido a que Jos\u00e9 retuvo su integridad a trav\u00e9s de sus pruebas, Dios lo trajo a mayor exaltaci\u00f3n y bendici\u00f3n.<\/p>\n<p>Se le prometi\u00f3 bendici\u00f3n de arriba, lluvia a su tiempo, clima agradable a su tiempo con todas las influencias benevolentes de los cuerpos celestiales.<\/p>\n","protected":false},"excerpt":{"rendered":"<p>22. Rama fruct\u00edfera es Jos\u00e9,Rama fruct\u00edfera junto a una fuente,Cuyos v\u00e1stagos se extienden sobre el muro. 23. Le causaron amargura,Le asaetearon,Y le aborrecieron los arqueros; 24. Mas su arco se mantuvo poderoso,Y los brazos de sus manos se fortalecieronPor las manos del Fuerte de Jacob(Por el nombre del Pastor, la Roca de Israel), 25. Por [&hellip;]<\/p>\n","protected":false},"author":1,"featured_media":3205,"comment_status":"closed","ping_status":"closed","sticky":false,"template":"","format":"standard","meta":{"_crdt_document":"","_monsterinsights_skip_tracking":false,"_monsterinsights_sitenote_active":false,"_monsterinsights_sitenote_note":"","_monsterinsights_sitenote_category":0,"footnotes":""},"categories":[1],"tags":[52,356,297,48],"class_list":{"0":"post-3203","1":"post","2":"type-post","3":"status-publish","4":"format-standard","5":"has-post-thumbnail","6":"hentry","7":"category-leer-multiplica-enriquece-y-favorece","8":"tag-devocional","9":"tag-genesis-49","10":"tag-la-radio-que-te-da-paz","11":"tag-radiocristianaenlinea","13":"post-with-thumbnail","14":"post-with-thumbnail-large"},"aioseo_notices":[],"_links":{"self":[{"href":"https:\/\/radiocristianaenlinea.com\/radiocristiana\/wp-json\/wp\/v2\/posts\/3203","targetHints":{"allow":["GET"]}}],"collection":[{"href":"https:\/\/radiocristianaenlinea.com\/radiocristiana\/wp-json\/wp\/v2\/posts"}],"about":[{"href":"https:\/\/radiocristianaenlinea.com\/radiocristiana\/wp-json\/wp\/v2\/types\/post"}],"author":[{"embeddable":true,"href":"https:\/\/radiocristianaenlinea.com\/radiocristiana\/wp-json\/wp\/v2\/users\/1"}],"replies":[{"embeddable":true,"href":"https:\/\/radiocristianaenlinea.com\/radiocristiana\/wp-json\/wp\/v2\/comments?post=3203"}],"version-history":[{"count":1,"href":"https:\/\/radiocristianaenlinea.com\/radiocristiana\/wp-json\/wp\/v2\/posts\/3203\/revisions"}],"predecessor-version":[{"id":3206,"href":"https:\/\/radiocristianaenlinea.com\/radiocristiana\/wp-json\/wp\/v2\/posts\/3203\/revisions\/3206"}],"wp:featuredmedia":[{"embeddable":true,"href":"https:\/\/radiocristianaenlinea.com\/radiocristiana\/wp-json\/wp\/v2\/media\/3205"}],"wp:attachment":[{"href":"https:\/\/radiocristianaenlinea.com\/radiocristiana\/wp-json\/wp\/v2\/media?parent=3203"}],"wp:term":[{"taxonomy":"category","embeddable":true,"href":"https:\/\/radiocristianaenlinea.com\/radiocristiana\/wp-json\/wp\/v2\/categories?post=3203"},{"taxonomy":"post_tag","embeddable":true,"href":"https:\/\/radiocristianaenlinea.com\/radiocristiana\/wp-json\/wp\/v2\/tags?post=3203"}],"curies":[{"name":"wp","href":"https:\/\/api.w.org\/{rel}","templated":true}]}}