{"id":3208,"date":"2018-05-17T12:43:33","date_gmt":"2018-05-17T17:43:33","guid":{"rendered":"https:\/\/radiocristianaenlinea.com\/radiocristiana\/?p=3208"},"modified":"2018-05-17T12:43:33","modified_gmt":"2018-05-17T17:43:33","slug":"devocional-12-de-mayo-2018","status":"publish","type":"post","link":"https:\/\/radiocristianaenlinea.com\/radiocristiana\/2018\/05\/17\/devocional-12-de-mayo-2018\/","title":{"rendered":"Devocional 12 de Mayo 2018"},"content":{"rendered":"<p><strong>22. Rama fruct\u00edfera es Jos\u00e9,Rama fruct\u00edfera junto a una fuente,Cuyos v\u00e1stagos se extienden sobre el muro.<\/strong><\/p>\n<p><strong>23. Le causaron amargura,Le asaetearon,Y le aborrecieron los arqueros;<\/strong><\/p>\n<p><strong>24. Mas su arco se mantuvo poderoso,Y los brazos de sus manos se fortalecieronPor las manos del Fuerte de Jacob(Por el nombre del Pastor, la Roca de Israel),<\/strong><\/p>\n<p><strong>25. Por el Dios de tu padre, el cual te ayudar\u00e1,Por el Dios Omnipotente, el cual te bendecir\u00e1Con bendiciones de los cielos de arriba,Con bendiciones del abismo que est\u00e1 abajo,Con bendiciones de los pechos y del vientre.<\/strong><br \/>\n<strong>G\u00c9NESIS 49:<\/strong><\/p>\n<p>Igualmente, las bendiciones espirituales que ven\u00edan de arriba (EFESIOS 1:3) fueron prometidas a su coraz\u00f3n y alma.<\/p>\n<p>Dios en Su misericordia sabidur\u00eda y providencia, design\u00f3 que Jos\u00e9 deber\u00eda ser exaltado en el lugar del comienzo de su humillaci\u00f3n.<\/p>\n<p>Dios le dio a Jos\u00e9 su porci\u00f3n permanente en este mismo territorio.<\/p>\n<p>Mois\u00e9s or\u00f3 por las ricas bendiciones de Dios sobre ellas. (DEUTERONOMIO 33:13&gt;17)<\/p>\n<p>La oraci\u00f3n por la bendici\u00f3n en lo natural, es figura de la clase de bendici\u00f3n y fertilidad que Dios desea para nosotros en el \u00e1mbito espiritual.<\/p>\n","protected":false},"excerpt":{"rendered":"<p>22. Rama fruct\u00edfera es Jos\u00e9,Rama fruct\u00edfera junto a una fuente,Cuyos v\u00e1stagos se extienden sobre el muro. 23. Le causaron amargura,Le asaetearon,Y le aborrecieron los arqueros; 24. Mas su arco se mantuvo poderoso,Y los brazos de sus manos se fortalecieronPor las manos del Fuerte de Jacob(Por el nombre del Pastor, la Roca de Israel), 25. Por [&hellip;]<\/p>\n","protected":false},"author":1,"featured_media":3209,"comment_status":"closed","ping_status":"closed","sticky":false,"template":"","format":"standard","meta":{"_crdt_document":"","_monsterinsights_skip_tracking":false,"_monsterinsights_sitenote_active":false,"_monsterinsights_sitenote_note":"","_monsterinsights_sitenote_category":0,"footnotes":""},"categories":[3],"tags":[52,356,297,48],"class_list":{"0":"post-3208","1":"post","2":"type-post","3":"status-publish","4":"format-standard","5":"has-post-thumbnail","6":"hentry","7":"category-devocionales","8":"tag-devocional","9":"tag-genesis-49","10":"tag-la-radio-que-te-da-paz","11":"tag-radiocristianaenlinea","13":"post-with-thumbnail","14":"post-with-thumbnail-large"},"aioseo_notices":[],"_links":{"self":[{"href":"https:\/\/radiocristianaenlinea.com\/radiocristiana\/wp-json\/wp\/v2\/posts\/3208","targetHints":{"allow":["GET"]}}],"collection":[{"href":"https:\/\/radiocristianaenlinea.com\/radiocristiana\/wp-json\/wp\/v2\/posts"}],"about":[{"href":"https:\/\/radiocristianaenlinea.com\/radiocristiana\/wp-json\/wp\/v2\/types\/post"}],"author":[{"embeddable":true,"href":"https:\/\/radiocristianaenlinea.com\/radiocristiana\/wp-json\/wp\/v2\/users\/1"}],"replies":[{"embeddable":true,"href":"https:\/\/radiocristianaenlinea.com\/radiocristiana\/wp-json\/wp\/v2\/comments?post=3208"}],"version-history":[{"count":1,"href":"https:\/\/radiocristianaenlinea.com\/radiocristiana\/wp-json\/wp\/v2\/posts\/3208\/revisions"}],"predecessor-version":[{"id":3210,"href":"https:\/\/radiocristianaenlinea.com\/radiocristiana\/wp-json\/wp\/v2\/posts\/3208\/revisions\/3210"}],"wp:featuredmedia":[{"embeddable":true,"href":"https:\/\/radiocristianaenlinea.com\/radiocristiana\/wp-json\/wp\/v2\/media\/3209"}],"wp:attachment":[{"href":"https:\/\/radiocristianaenlinea.com\/radiocristiana\/wp-json\/wp\/v2\/media?parent=3208"}],"wp:term":[{"taxonomy":"category","embeddable":true,"href":"https:\/\/radiocristianaenlinea.com\/radiocristiana\/wp-json\/wp\/v2\/categories?post=3208"},{"taxonomy":"post_tag","embeddable":true,"href":"https:\/\/radiocristianaenlinea.com\/radiocristiana\/wp-json\/wp\/v2\/tags?post=3208"}],"curies":[{"name":"wp","href":"https:\/\/api.w.org\/{rel}","templated":true}]}}