{"id":3211,"date":"2018-05-17T12:59:03","date_gmt":"2018-05-17T17:59:03","guid":{"rendered":"https:\/\/radiocristianaenlinea.com\/radiocristiana\/?p=3211"},"modified":"2018-05-17T12:59:03","modified_gmt":"2018-05-17T17:59:03","slug":"devocional-13-de-mayo-2018","status":"publish","type":"post","link":"https:\/\/radiocristianaenlinea.com\/radiocristiana\/2018\/05\/17\/devocional-13-de-mayo-2018\/","title":{"rendered":"Devocional 13 de Mayo 2018"},"content":{"rendered":"<p><strong>\u00a0Toda buena d\u00e1diva y todo don perfecto es de lo alto, que desciende del Padre de las luces, en el cual no hay mudanza, ni sombra de variaci\u00f3n.<\/strong><br \/>\n<strong>SANTIAGO 1:17<\/strong><\/p>\n<p>La ra\u00edz de la luz humilde alumbrar\u00e1 la obscuridad de nuestro orgullo, el cual nos impide ver la naturaleza de la bondad de Dios en todas las circunstancias y situaciones adversas de la vida.<\/p>\n<p>Mucho de nuestro sufrimiento y da\u00f1o, es realmente orgullo herido.<\/p>\n<p>Un cuadro de la gran humildad del Se\u00f1or Jesucristo en nuestros corazones nos ayudar\u00eda a ver c\u00f3mo necesitamos dejar que Su luz de humildad destruya nuestro obstinado orgullo, el cual dice que no merecemos sufrir.<\/p>\n<p>Nadie m\u00e1s que Jes\u00fas llev\u00f3 todas las penas del pecado, a\u00fan as\u00ed, nos quejamos por el dolor que debemos llevar.<\/p>\n<p>Siempre nos quejaremos, hasta que permitamos que la ra\u00edz de humildad de la Luz de creer en la bondad de la naturaleza de Dios se desarrolle en nuestro \u00e1rbol de confianza.<\/p>\n<p>&nbsp;<\/p>\n","protected":false},"excerpt":{"rendered":"<p>\u00a0Toda buena d\u00e1diva y todo don perfecto es de lo alto, que desciende del Padre de las luces, en el cual no hay mudanza, ni sombra de variaci\u00f3n. SANTIAGO 1:17 La ra\u00edz de la luz humilde alumbrar\u00e1 la obscuridad de nuestro orgullo, el cual nos impide ver la naturaleza de la bondad de Dios en [&hellip;]<\/p>\n","protected":false},"author":1,"featured_media":3212,"comment_status":"closed","ping_status":"closed","sticky":false,"template":"","format":"standard","meta":{"_crdt_document":"","_monsterinsights_skip_tracking":false,"_monsterinsights_sitenote_active":false,"_monsterinsights_sitenote_note":"","_monsterinsights_sitenote_category":0,"footnotes":""},"categories":[3],"tags":[52,297,48,357],"class_list":{"0":"post-3211","1":"post","2":"type-post","3":"status-publish","4":"format-standard","5":"has-post-thumbnail","6":"hentry","7":"category-devocionales","8":"tag-devocional","9":"tag-la-radio-que-te-da-paz","10":"tag-radiocristianaenlinea","11":"tag-santiago-117","13":"post-with-thumbnail","14":"post-with-thumbnail-large"},"aioseo_notices":[],"_links":{"self":[{"href":"https:\/\/radiocristianaenlinea.com\/radiocristiana\/wp-json\/wp\/v2\/posts\/3211","targetHints":{"allow":["GET"]}}],"collection":[{"href":"https:\/\/radiocristianaenlinea.com\/radiocristiana\/wp-json\/wp\/v2\/posts"}],"about":[{"href":"https:\/\/radiocristianaenlinea.com\/radiocristiana\/wp-json\/wp\/v2\/types\/post"}],"author":[{"embeddable":true,"href":"https:\/\/radiocristianaenlinea.com\/radiocristiana\/wp-json\/wp\/v2\/users\/1"}],"replies":[{"embeddable":true,"href":"https:\/\/radiocristianaenlinea.com\/radiocristiana\/wp-json\/wp\/v2\/comments?post=3211"}],"version-history":[{"count":1,"href":"https:\/\/radiocristianaenlinea.com\/radiocristiana\/wp-json\/wp\/v2\/posts\/3211\/revisions"}],"predecessor-version":[{"id":3213,"href":"https:\/\/radiocristianaenlinea.com\/radiocristiana\/wp-json\/wp\/v2\/posts\/3211\/revisions\/3213"}],"wp:featuredmedia":[{"embeddable":true,"href":"https:\/\/radiocristianaenlinea.com\/radiocristiana\/wp-json\/wp\/v2\/media\/3212"}],"wp:attachment":[{"href":"https:\/\/radiocristianaenlinea.com\/radiocristiana\/wp-json\/wp\/v2\/media?parent=3211"}],"wp:term":[{"taxonomy":"category","embeddable":true,"href":"https:\/\/radiocristianaenlinea.com\/radiocristiana\/wp-json\/wp\/v2\/categories?post=3211"},{"taxonomy":"post_tag","embeddable":true,"href":"https:\/\/radiocristianaenlinea.com\/radiocristiana\/wp-json\/wp\/v2\/tags?post=3211"}],"curies":[{"name":"wp","href":"https:\/\/api.w.org\/{rel}","templated":true}]}}