{"id":3214,"date":"2018-05-17T13:14:22","date_gmt":"2018-05-17T18:14:22","guid":{"rendered":"https:\/\/radiocristianaenlinea.com\/radiocristiana\/?p=3214"},"modified":"2018-05-17T13:14:22","modified_gmt":"2018-05-17T18:14:22","slug":"devocional-14-de-mayo-2018","status":"publish","type":"post","link":"https:\/\/radiocristianaenlinea.com\/radiocristiana\/2018\/05\/17\/devocional-14-de-mayo-2018\/","title":{"rendered":"Devocional 14 de Mayo 2018"},"content":{"rendered":"<p><strong>Oye me, Jehov\u00e1, porque apacible <\/strong><br \/>\n<strong> es tu misericordia;<\/strong><br \/>\n<strong>M\u00edrame conforme a la multitud <\/strong><br \/>\n<strong> de tus miseraciones.<\/strong><br \/>\n<strong>SALMO 69:16<\/strong><\/p>\n<p>La palabra benevolencia (se tradujo como misericordia) significa: bondad, reprensi\u00f3n, belleza.<\/p>\n<p>Buena es la naturaleza del Se\u00f1or Dios que nos da Su bondad, Su reprensi\u00f3n y Su belleza.<\/p>\n<p>Necesitamos una ra\u00edz m\u00e1s profunda en creer en la benevolencia del Se\u00f1or Jesucristo quien nos reprueba y nos viste con Su propia hermosa naturaleza.<\/p>\n","protected":false},"excerpt":{"rendered":"<p>Oye me, Jehov\u00e1, porque apacible es tu misericordia; M\u00edrame conforme a la multitud de tus miseraciones. SALMO 69:16 La palabra benevolencia (se tradujo como misericordia) significa: bondad, reprensi\u00f3n, belleza. Buena es la naturaleza del Se\u00f1or Dios que nos da Su bondad, Su reprensi\u00f3n y Su belleza. Necesitamos una ra\u00edz m\u00e1s profunda en creer en la [&hellip;]<\/p>\n","protected":false},"author":1,"featured_media":3215,"comment_status":"closed","ping_status":"closed","sticky":false,"template":"","format":"standard","meta":{"_crdt_document":"","_monsterinsights_skip_tracking":false,"_monsterinsights_sitenote_active":false,"_monsterinsights_sitenote_note":"","_monsterinsights_sitenote_category":0,"footnotes":""},"categories":[3],"tags":[52,297,48,358],"class_list":{"0":"post-3214","1":"post","2":"type-post","3":"status-publish","4":"format-standard","5":"has-post-thumbnail","6":"hentry","7":"category-devocionales","8":"tag-devocional","9":"tag-la-radio-que-te-da-paz","10":"tag-radiocristianaenlinea","11":"tag-salmo-6916","13":"post-with-thumbnail","14":"post-with-thumbnail-large"},"aioseo_notices":[],"_links":{"self":[{"href":"https:\/\/radiocristianaenlinea.com\/radiocristiana\/wp-json\/wp\/v2\/posts\/3214","targetHints":{"allow":["GET"]}}],"collection":[{"href":"https:\/\/radiocristianaenlinea.com\/radiocristiana\/wp-json\/wp\/v2\/posts"}],"about":[{"href":"https:\/\/radiocristianaenlinea.com\/radiocristiana\/wp-json\/wp\/v2\/types\/post"}],"author":[{"embeddable":true,"href":"https:\/\/radiocristianaenlinea.com\/radiocristiana\/wp-json\/wp\/v2\/users\/1"}],"replies":[{"embeddable":true,"href":"https:\/\/radiocristianaenlinea.com\/radiocristiana\/wp-json\/wp\/v2\/comments?post=3214"}],"version-history":[{"count":1,"href":"https:\/\/radiocristianaenlinea.com\/radiocristiana\/wp-json\/wp\/v2\/posts\/3214\/revisions"}],"predecessor-version":[{"id":3216,"href":"https:\/\/radiocristianaenlinea.com\/radiocristiana\/wp-json\/wp\/v2\/posts\/3214\/revisions\/3216"}],"wp:featuredmedia":[{"embeddable":true,"href":"https:\/\/radiocristianaenlinea.com\/radiocristiana\/wp-json\/wp\/v2\/media\/3215"}],"wp:attachment":[{"href":"https:\/\/radiocristianaenlinea.com\/radiocristiana\/wp-json\/wp\/v2\/media?parent=3214"}],"wp:term":[{"taxonomy":"category","embeddable":true,"href":"https:\/\/radiocristianaenlinea.com\/radiocristiana\/wp-json\/wp\/v2\/categories?post=3214"},{"taxonomy":"post_tag","embeddable":true,"href":"https:\/\/radiocristianaenlinea.com\/radiocristiana\/wp-json\/wp\/v2\/tags?post=3214"}],"curies":[{"name":"wp","href":"https:\/\/api.w.org\/{rel}","templated":true}]}}