{"id":3217,"date":"2018-05-17T13:24:31","date_gmt":"2018-05-17T18:24:31","guid":{"rendered":"https:\/\/radiocristianaenlinea.com\/radiocristiana\/?p=3217"},"modified":"2018-05-17T13:24:31","modified_gmt":"2018-05-17T18:24:31","slug":"devocional-15-de-mayo-2018","status":"publish","type":"post","link":"https:\/\/radiocristianaenlinea.com\/radiocristiana\/2018\/05\/17\/devocional-15-de-mayo-2018\/","title":{"rendered":"Devocional 15 de Mayo 2018"},"content":{"rendered":"<p>&nbsp;<\/p>\n<p><strong>Oyeme, Jehov\u00e1, porque apacible <\/strong><br \/>\n<strong> es tu misericordia;<\/strong><br \/>\n<strong>M\u00edrame conforme a la multitud <\/strong><br \/>\n<strong> de tus miseraciones.<\/strong><br \/>\n<strong>SALMO 69:16<\/strong><\/p>\n<p>Cada d\u00eda se nos presenta con nuevas oportunidades de que crezca una ra\u00edz m\u00e1s grande de creer en las buenas intenciones de Dios, en Su buena Palabra, en Su buen juicio, en Su buena misericordia, en Su buena mano, de gustar de \u00c9l, creer en Su buen Nombre y en Su benevolencia.<\/p>\n","protected":false},"excerpt":{"rendered":"<p>&nbsp; Oyeme, Jehov\u00e1, porque apacible es tu misericordia; M\u00edrame conforme a la multitud de tus miseraciones. SALMO 69:16 Cada d\u00eda se nos presenta con nuevas oportunidades de que crezca una ra\u00edz m\u00e1s grande de creer en las buenas intenciones de Dios, en Su buena Palabra, en Su buen juicio, en Su buena misericordia, en Su [&hellip;]<\/p>\n","protected":false},"author":1,"featured_media":3218,"comment_status":"closed","ping_status":"closed","sticky":false,"template":"","format":"standard","meta":{"_crdt_document":"","_monsterinsights_skip_tracking":false,"_monsterinsights_sitenote_active":false,"_monsterinsights_sitenote_note":"","_monsterinsights_sitenote_category":0,"footnotes":""},"categories":[3],"tags":[52,297,48,358],"class_list":{"0":"post-3217","1":"post","2":"type-post","3":"status-publish","4":"format-standard","5":"has-post-thumbnail","6":"hentry","7":"category-devocionales","8":"tag-devocional","9":"tag-la-radio-que-te-da-paz","10":"tag-radiocristianaenlinea","11":"tag-salmo-6916","13":"post-with-thumbnail","14":"post-with-thumbnail-large"},"aioseo_notices":[],"_links":{"self":[{"href":"https:\/\/radiocristianaenlinea.com\/radiocristiana\/wp-json\/wp\/v2\/posts\/3217","targetHints":{"allow":["GET"]}}],"collection":[{"href":"https:\/\/radiocristianaenlinea.com\/radiocristiana\/wp-json\/wp\/v2\/posts"}],"about":[{"href":"https:\/\/radiocristianaenlinea.com\/radiocristiana\/wp-json\/wp\/v2\/types\/post"}],"author":[{"embeddable":true,"href":"https:\/\/radiocristianaenlinea.com\/radiocristiana\/wp-json\/wp\/v2\/users\/1"}],"replies":[{"embeddable":true,"href":"https:\/\/radiocristianaenlinea.com\/radiocristiana\/wp-json\/wp\/v2\/comments?post=3217"}],"version-history":[{"count":1,"href":"https:\/\/radiocristianaenlinea.com\/radiocristiana\/wp-json\/wp\/v2\/posts\/3217\/revisions"}],"predecessor-version":[{"id":3219,"href":"https:\/\/radiocristianaenlinea.com\/radiocristiana\/wp-json\/wp\/v2\/posts\/3217\/revisions\/3219"}],"wp:featuredmedia":[{"embeddable":true,"href":"https:\/\/radiocristianaenlinea.com\/radiocristiana\/wp-json\/wp\/v2\/media\/3218"}],"wp:attachment":[{"href":"https:\/\/radiocristianaenlinea.com\/radiocristiana\/wp-json\/wp\/v2\/media?parent=3217"}],"wp:term":[{"taxonomy":"category","embeddable":true,"href":"https:\/\/radiocristianaenlinea.com\/radiocristiana\/wp-json\/wp\/v2\/categories?post=3217"},{"taxonomy":"post_tag","embeddable":true,"href":"https:\/\/radiocristianaenlinea.com\/radiocristiana\/wp-json\/wp\/v2\/tags?post=3217"}],"curies":[{"name":"wp","href":"https:\/\/api.w.org\/{rel}","templated":true}]}}