{"id":3226,"date":"2018-05-20T01:09:52","date_gmt":"2018-05-20T06:09:52","guid":{"rendered":"https:\/\/radiocristianaenlinea.com\/radiocristiana\/?p=3226"},"modified":"2018-05-21T16:35:23","modified_gmt":"2018-05-21T21:35:23","slug":"se-vale-decir-no-peligro-de-las-redes-sociales","status":"publish","type":"post","link":"https:\/\/radiocristianaenlinea.com\/radiocristiana\/2018\/05\/20\/se-vale-decir-no-peligro-de-las-redes-sociales\/","title":{"rendered":"SE VALE DECIR&#8230;\u00a1NO! -DROGAS"},"content":{"rendered":"<p><b>El peligro del consumo de drogas es cada d\u00eda mas frecuente\u00a0\u00a0para adolescentes, los padres cada d\u00eda esta mas ausentes por trabajo y vida social y los j\u00f3venes y ni\u00f1os est\u00e1n mas tiempo solos y las drogas mas f\u00e1cil\u00a0de obtenerlas. El indice de consumo incremente r\u00e1pidamente.<\/b><\/p>\n<p><strong>Tenemos mucho trabajo por hacer como padres<\/strong>.<\/p>\n<p><iframe loading=\"lazy\" src=\"https:\/\/www.youtube.com\/embed\/3s3dxk2Hxhs\" width=\"854\" height=\"480\" frameborder=\"0\" allowfullscreen=\"allowfullscreen\"><\/iframe><\/p>\n","protected":false},"excerpt":{"rendered":"<p>El peligro del consumo de drogas es cada d\u00eda mas frecuente\u00a0\u00a0para adolescentes, los padres cada d\u00eda esta mas ausentes por trabajo y vida social y los j\u00f3venes y ni\u00f1os est\u00e1n mas tiempo solos y las drogas mas f\u00e1cil\u00a0de obtenerlas. El indice de consumo incremente r\u00e1pidamente. Tenemos mucho trabajo por hacer como padres.<\/p>\n","protected":false},"author":1,"featured_media":3243,"comment_status":"closed","ping_status":"closed","sticky":false,"template":"","format":"standard","meta":{"_crdt_document":"","_monsterinsights_skip_tracking":false,"_monsterinsights_sitenote_active":false,"_monsterinsights_sitenote_note":"","_monsterinsights_sitenote_category":0,"footnotes":""},"categories":[293],"tags":[126,362,365,363,48,366],"class_list":{"0":"post-3226","1":"post","2":"type-post","3":"status-publish","4":"format-standard","5":"has-post-thumbnail","6":"hentry","7":"category-se-vale-decir-no","8":"tag-consejos-para-mi-hijo","9":"tag-consejos-para-padres","10":"tag-consumo-de-drogas-en-adolescentes","11":"tag-programas-jovenes","12":"tag-radiocristianaenlinea","13":"tag-se-vale-decir-no-a-las-drogas","15":"post-with-thumbnail","16":"post-with-thumbnail-large"},"aioseo_notices":[],"_links":{"self":[{"href":"https:\/\/radiocristianaenlinea.com\/radiocristiana\/wp-json\/wp\/v2\/posts\/3226","targetHints":{"allow":["GET"]}}],"collection":[{"href":"https:\/\/radiocristianaenlinea.com\/radiocristiana\/wp-json\/wp\/v2\/posts"}],"about":[{"href":"https:\/\/radiocristianaenlinea.com\/radiocristiana\/wp-json\/wp\/v2\/types\/post"}],"author":[{"embeddable":true,"href":"https:\/\/radiocristianaenlinea.com\/radiocristiana\/wp-json\/wp\/v2\/users\/1"}],"replies":[{"embeddable":true,"href":"https:\/\/radiocristianaenlinea.com\/radiocristiana\/wp-json\/wp\/v2\/comments?post=3226"}],"version-history":[{"count":4,"href":"https:\/\/radiocristianaenlinea.com\/radiocristiana\/wp-json\/wp\/v2\/posts\/3226\/revisions"}],"predecessor-version":[{"id":3232,"href":"https:\/\/radiocristianaenlinea.com\/radiocristiana\/wp-json\/wp\/v2\/posts\/3226\/revisions\/3232"}],"wp:featuredmedia":[{"embeddable":true,"href":"https:\/\/radiocristianaenlinea.com\/radiocristiana\/wp-json\/wp\/v2\/media\/3243"}],"wp:attachment":[{"href":"https:\/\/radiocristianaenlinea.com\/radiocristiana\/wp-json\/wp\/v2\/media?parent=3226"}],"wp:term":[{"taxonomy":"category","embeddable":true,"href":"https:\/\/radiocristianaenlinea.com\/radiocristiana\/wp-json\/wp\/v2\/categories?post=3226"},{"taxonomy":"post_tag","embeddable":true,"href":"https:\/\/radiocristianaenlinea.com\/radiocristiana\/wp-json\/wp\/v2\/tags?post=3226"}],"curies":[{"name":"wp","href":"https:\/\/api.w.org\/{rel}","templated":true}]}}