{"id":3237,"date":"2018-05-21T11:49:59","date_gmt":"2018-05-21T16:49:59","guid":{"rendered":"https:\/\/radiocristianaenlinea.com\/radiocristiana\/?p=3237"},"modified":"2018-05-21T11:49:59","modified_gmt":"2018-05-21T16:49:59","slug":"pan-diario-sabado-19-de-mayo-2018","status":"publish","type":"post","link":"https:\/\/radiocristianaenlinea.com\/radiocristiana\/2018\/05\/21\/pan-diario-sabado-19-de-mayo-2018\/","title":{"rendered":"Pan Diario S\u00e1bado 19 de Mayo 2018"},"content":{"rendered":"<p><strong>S\u00e1bado<\/strong><br \/>\n<strong>19<\/strong><br \/>\n<strong>Mayo<\/strong><\/p>\n<p><strong>Cuando a\u00fan estaba lejos, lo vio su padre, y fue movido a misericordia, y corri\u00f3, y se ech\u00f3 sobre su cuello, y le bes\u00f3&#8230; El padre dijo a sus siervos: Sacad el mejor vestido, y vestidle.<\/strong><br \/>\n<strong>Lucas 15:20-22<\/strong><br \/>\nEl hijo pr\u00f3digo y su hermano<br \/>\nAlgunas par\u00e1bolas (12): Lucas 15:11-32<br \/>\nResumen: Un hombre ten\u00eda dos hijos. El menor le pidi\u00f3 su parte de la herencia; luego se fue lejos y malgast\u00f3 todo \u201cviviendo perdidamente\u201d. Pronto se vio obligado a cuidar cerdos para poder sobrevivir. \u00a1Ansiaba comer el alimento de los animales, pero nadie le daba! Entonces pens\u00f3 en la casa de su padre y decidi\u00f3 volver&#8230;<\/p>\n<p>Cuando su padre lo vio de lejos, corri\u00f3 hacia \u00e9l, se ech\u00f3 sobre su cuello y le bes\u00f3. Luego le puso el mejor vestido y organiz\u00f3 una fiesta para gozarse con los suyos. Cuando el hijo mayor regres\u00f3 del trabajo, se enoj\u00f3 y no quiso participar en la fiesta. Acus\u00f3 a su padre de ser injusto, pero este le respondi\u00f3: \u201cTu hermano&#8230; se hab\u00eda perdido, y es hallado\u201d.<\/p>\n<p>Significado: El hijo menor representa a toda persona que reconoce que lejos de Dios su vida es un fracaso y vuelve a \u00e9l arrepentida. Entonces Dios Padre la recibe manifest\u00e1ndole su gracia. El hijo mayor es aquel que piensa que tiene una buena moral y estima que Dios le debe algo. No conoce la gracia divina y es ajeno a su gozo.<\/p>\n<p>Aplicaci\u00f3n: \u00bfNos identificamos con la historia del hijo menor? Despu\u00e9s de haber vivido ego\u00edstamente con lo que Dios nos dio, y a veces en el mal, \u00bfhemos vuelto a Dios? Si nos arrepentimos, experimentaremos la bienvenida del Padre, su gracia y su gozo; pero si no lo hacemos, seremos como el hijo mayor, satisfechos de nosotros mismos, con el coraz\u00f3n cerrado y fr\u00edo.<\/p>\n","protected":false},"excerpt":{"rendered":"<p>S\u00e1bado 19 Mayo Cuando a\u00fan estaba lejos, lo vio su padre, y fue movido a misericordia, y corri\u00f3, y se ech\u00f3 sobre su cuello, y le bes\u00f3&#8230; El padre dijo a sus siervos: Sacad el mejor vestido, y vestidle. Lucas 15:20-22 El hijo pr\u00f3digo y su hermano Algunas par\u00e1bolas (12): Lucas 15:11-32 Resumen: Un hombre [&hellip;]<\/p>\n","protected":false},"author":1,"featured_media":3238,"comment_status":"closed","ping_status":"closed","sticky":false,"template":"","format":"standard","meta":{"_crdt_document":"","_monsterinsights_skip_tracking":false,"_monsterinsights_sitenote_active":false,"_monsterinsights_sitenote_note":"","_monsterinsights_sitenote_category":0,"footnotes":""},"categories":[174],"tags":[297,367,197,48],"class_list":{"0":"post-3237","1":"post","2":"type-post","3":"status-publish","4":"format-standard","5":"has-post-thumbnail","6":"hentry","7":"category-pan-diario","8":"tag-la-radio-que-te-da-paz","9":"tag-lucas-1520-22","10":"tag-pan-diario","11":"tag-radiocristianaenlinea","13":"post-with-thumbnail","14":"post-with-thumbnail-large"},"aioseo_notices":[],"_links":{"self":[{"href":"https:\/\/radiocristianaenlinea.com\/radiocristiana\/wp-json\/wp\/v2\/posts\/3237","targetHints":{"allow":["GET"]}}],"collection":[{"href":"https:\/\/radiocristianaenlinea.com\/radiocristiana\/wp-json\/wp\/v2\/posts"}],"about":[{"href":"https:\/\/radiocristianaenlinea.com\/radiocristiana\/wp-json\/wp\/v2\/types\/post"}],"author":[{"embeddable":true,"href":"https:\/\/radiocristianaenlinea.com\/radiocristiana\/wp-json\/wp\/v2\/users\/1"}],"replies":[{"embeddable":true,"href":"https:\/\/radiocristianaenlinea.com\/radiocristiana\/wp-json\/wp\/v2\/comments?post=3237"}],"version-history":[{"count":1,"href":"https:\/\/radiocristianaenlinea.com\/radiocristiana\/wp-json\/wp\/v2\/posts\/3237\/revisions"}],"predecessor-version":[{"id":3239,"href":"https:\/\/radiocristianaenlinea.com\/radiocristiana\/wp-json\/wp\/v2\/posts\/3237\/revisions\/3239"}],"wp:featuredmedia":[{"embeddable":true,"href":"https:\/\/radiocristianaenlinea.com\/radiocristiana\/wp-json\/wp\/v2\/media\/3238"}],"wp:attachment":[{"href":"https:\/\/radiocristianaenlinea.com\/radiocristiana\/wp-json\/wp\/v2\/media?parent=3237"}],"wp:term":[{"taxonomy":"category","embeddable":true,"href":"https:\/\/radiocristianaenlinea.com\/radiocristiana\/wp-json\/wp\/v2\/categories?post=3237"},{"taxonomy":"post_tag","embeddable":true,"href":"https:\/\/radiocristianaenlinea.com\/radiocristiana\/wp-json\/wp\/v2\/tags?post=3237"}],"curies":[{"name":"wp","href":"https:\/\/api.w.org\/{rel}","templated":true}]}}