{"id":3248,"date":"2018-05-23T16:07:13","date_gmt":"2018-05-23T21:07:13","guid":{"rendered":"https:\/\/radiocristianaenlinea.com\/radiocristiana\/?p=3248"},"modified":"2018-05-23T16:07:13","modified_gmt":"2018-05-23T21:07:13","slug":"devocional-19-mayo-2018","status":"publish","type":"post","link":"https:\/\/radiocristianaenlinea.com\/radiocristiana\/2018\/05\/23\/devocional-19-mayo-2018\/","title":{"rendered":"Devocional 19 Mayo 2018"},"content":{"rendered":"<p>4 Despu\u00e9s de ella bramar\u00e1 el<br \/>\nsonido,<br \/>\nTronar\u00e1 \u00e9l con la voz de su<br \/>\nmagnificencia;<br \/>\nY aunque sea o\u00edda su voz, no los<br \/>\ndetiene.<\/p>\n<p><strong>5 Tronar\u00e1 Dios maravillosamente <\/strong><br \/>\n<strong>con su voz;<\/strong><br \/>\n<strong>El hace grandes cosas, que nosotros no entendemos.<\/strong><br \/>\n<strong>JOB 37:<\/strong><\/p>\n<p>Dios tiene una voz que hace al mundo temblar.<\/p>\n<p>Su voz se acompa\u00f1a de rel\u00e1mpagos y truenos; es por esto que el libro de Apocalipsis habla de rel\u00e1mpagos y truenos saliendo de Su trono.<\/p>\n<p>Los rel\u00e1mpagos y truenos son muestras sensibles de la gloria y majestad de Dios; uno es un testigo al ojo y el otro al o\u00eddo.<\/p>\n<p>Dios no deja hombre sin un testimonio de Su grandeza.<\/p>\n<p>Los rel\u00e1mpagos y truenos naturales tan s\u00f3lo son una peque\u00f1a demostraci\u00f3n de la voz del Se\u00f1or Jesucristo.<\/p>\n","protected":false},"excerpt":{"rendered":"<p>4 Despu\u00e9s de ella bramar\u00e1 el sonido, Tronar\u00e1 \u00e9l con la voz de su magnificencia; Y aunque sea o\u00edda su voz, no los detiene. 5 Tronar\u00e1 Dios maravillosamente con su voz; El hace grandes cosas, que nosotros no entendemos. JOB 37: Dios tiene una voz que hace al mundo temblar. Su voz se acompa\u00f1a de [&hellip;]<\/p>\n","protected":false},"author":1,"featured_media":3249,"comment_status":"closed","ping_status":"closed","sticky":false,"template":"","format":"standard","meta":{"_crdt_document":"","_monsterinsights_skip_tracking":false,"_monsterinsights_sitenote_active":false,"_monsterinsights_sitenote_note":"","_monsterinsights_sitenote_category":0,"footnotes":""},"categories":[3],"tags":[52,297,48],"class_list":{"0":"post-3248","1":"post","2":"type-post","3":"status-publish","4":"format-standard","5":"has-post-thumbnail","6":"hentry","7":"category-devocionales","8":"tag-devocional","9":"tag-la-radio-que-te-da-paz","10":"tag-radiocristianaenlinea","12":"post-with-thumbnail","13":"post-with-thumbnail-large"},"aioseo_notices":[],"_links":{"self":[{"href":"https:\/\/radiocristianaenlinea.com\/radiocristiana\/wp-json\/wp\/v2\/posts\/3248","targetHints":{"allow":["GET"]}}],"collection":[{"href":"https:\/\/radiocristianaenlinea.com\/radiocristiana\/wp-json\/wp\/v2\/posts"}],"about":[{"href":"https:\/\/radiocristianaenlinea.com\/radiocristiana\/wp-json\/wp\/v2\/types\/post"}],"author":[{"embeddable":true,"href":"https:\/\/radiocristianaenlinea.com\/radiocristiana\/wp-json\/wp\/v2\/users\/1"}],"replies":[{"embeddable":true,"href":"https:\/\/radiocristianaenlinea.com\/radiocristiana\/wp-json\/wp\/v2\/comments?post=3248"}],"version-history":[{"count":1,"href":"https:\/\/radiocristianaenlinea.com\/radiocristiana\/wp-json\/wp\/v2\/posts\/3248\/revisions"}],"predecessor-version":[{"id":3250,"href":"https:\/\/radiocristianaenlinea.com\/radiocristiana\/wp-json\/wp\/v2\/posts\/3248\/revisions\/3250"}],"wp:featuredmedia":[{"embeddable":true,"href":"https:\/\/radiocristianaenlinea.com\/radiocristiana\/wp-json\/wp\/v2\/media\/3249"}],"wp:attachment":[{"href":"https:\/\/radiocristianaenlinea.com\/radiocristiana\/wp-json\/wp\/v2\/media?parent=3248"}],"wp:term":[{"taxonomy":"category","embeddable":true,"href":"https:\/\/radiocristianaenlinea.com\/radiocristiana\/wp-json\/wp\/v2\/categories?post=3248"},{"taxonomy":"post_tag","embeddable":true,"href":"https:\/\/radiocristianaenlinea.com\/radiocristiana\/wp-json\/wp\/v2\/tags?post=3248"}],"curies":[{"name":"wp","href":"https:\/\/api.w.org\/{rel}","templated":true}]}}