{"id":3264,"date":"2018-05-24T13:07:17","date_gmt":"2018-05-24T18:07:17","guid":{"rendered":"https:\/\/radiocristianaenlinea.com\/radiocristiana\/?p=3264"},"modified":"2018-05-24T13:07:17","modified_gmt":"2018-05-24T18:07:17","slug":"se-vale-decir-no-cutting","status":"publish","type":"post","link":"https:\/\/radiocristianaenlinea.com\/radiocristiana\/2018\/05\/24\/se-vale-decir-no-cutting\/","title":{"rendered":"Se Vale Decir \u00a1No!&#8211;Cutting"},"content":{"rendered":"<p>Una nueva moda ha surgido entre los adolescentes, se trata del llamado cutting, risuka, o self injury, que consiste en cortarse la piel con una navaja u objeto afilado, para dejar marcas o tatuajes en el cuerpo, principalmente en los brazos y mu\u00f1ecas.<\/p>\n<p>De acuerdo con los especialistas, el objetivo de estas pr\u00e1cticas es provocar sufrimiento f\u00edsico para sentir un \u201calivio\u201d del dolor psicol\u00f3gico o, simplemente, placer moment\u00e1neo. Las personas que son m\u00e1s propensas a realizarlas son aquellas que padecen depresi\u00f3n, ansiedad, estr\u00e9s, soledad y aislamiento.<\/p>\n<p><iframe loading=\"lazy\" width=\"754\" height=\"424\" src=\"https:\/\/www.youtube.com\/embed\/IYp7JcJ68Ek\" frameborder=\"0\" allow=\"autoplay; encrypted-media\" allowfullscreen><\/iframe><\/p>\n","protected":false},"excerpt":{"rendered":"<p>Una nueva moda ha surgido entre los adolescentes, se trata del llamado cutting, risuka, o self injury, que consiste en cortarse la piel con una navaja u objeto afilado, para dejar marcas o tatuajes en el cuerpo, principalmente en los brazos y mu\u00f1ecas. De acuerdo con los especialistas, el objetivo de estas pr\u00e1cticas es provocar [&hellip;]<\/p>\n","protected":false},"author":1,"featured_media":3265,"comment_status":"closed","ping_status":"closed","sticky":false,"template":"","format":"standard","meta":{"_crdt_document":"","_monsterinsights_skip_tracking":false,"_monsterinsights_sitenote_active":false,"_monsterinsights_sitenote_note":"","_monsterinsights_sitenote_category":0,"footnotes":""},"categories":[293],"tags":[126,362,373,297,48,371],"class_list":{"0":"post-3264","1":"post","2":"type-post","3":"status-publish","4":"format-standard","5":"has-post-thumbnail","6":"hentry","7":"category-se-vale-decir-no","8":"tag-consejos-para-mi-hijo","9":"tag-consejos-para-padres","10":"tag-cutting","11":"tag-la-radio-que-te-da-paz","12":"tag-radiocristianaenlinea","13":"tag-se-vale-decir-no","15":"post-with-thumbnail","16":"post-with-thumbnail-large"},"aioseo_notices":[],"_links":{"self":[{"href":"https:\/\/radiocristianaenlinea.com\/radiocristiana\/wp-json\/wp\/v2\/posts\/3264","targetHints":{"allow":["GET"]}}],"collection":[{"href":"https:\/\/radiocristianaenlinea.com\/radiocristiana\/wp-json\/wp\/v2\/posts"}],"about":[{"href":"https:\/\/radiocristianaenlinea.com\/radiocristiana\/wp-json\/wp\/v2\/types\/post"}],"author":[{"embeddable":true,"href":"https:\/\/radiocristianaenlinea.com\/radiocristiana\/wp-json\/wp\/v2\/users\/1"}],"replies":[{"embeddable":true,"href":"https:\/\/radiocristianaenlinea.com\/radiocristiana\/wp-json\/wp\/v2\/comments?post=3264"}],"version-history":[{"count":1,"href":"https:\/\/radiocristianaenlinea.com\/radiocristiana\/wp-json\/wp\/v2\/posts\/3264\/revisions"}],"predecessor-version":[{"id":3266,"href":"https:\/\/radiocristianaenlinea.com\/radiocristiana\/wp-json\/wp\/v2\/posts\/3264\/revisions\/3266"}],"wp:featuredmedia":[{"embeddable":true,"href":"https:\/\/radiocristianaenlinea.com\/radiocristiana\/wp-json\/wp\/v2\/media\/3265"}],"wp:attachment":[{"href":"https:\/\/radiocristianaenlinea.com\/radiocristiana\/wp-json\/wp\/v2\/media?parent=3264"}],"wp:term":[{"taxonomy":"category","embeddable":true,"href":"https:\/\/radiocristianaenlinea.com\/radiocristiana\/wp-json\/wp\/v2\/categories?post=3264"},{"taxonomy":"post_tag","embeddable":true,"href":"https:\/\/radiocristianaenlinea.com\/radiocristiana\/wp-json\/wp\/v2\/tags?post=3264"}],"curies":[{"name":"wp","href":"https:\/\/api.w.org\/{rel}","templated":true}]}}