{"id":3267,"date":"2018-05-24T13:17:15","date_gmt":"2018-05-24T18:17:15","guid":{"rendered":"https:\/\/radiocristianaenlinea.com\/radiocristiana\/?p=3267"},"modified":"2018-05-24T13:17:15","modified_gmt":"2018-05-24T18:17:15","slug":"se-vale-decir-no-padres-hijos","status":"publish","type":"post","link":"https:\/\/radiocristianaenlinea.com\/radiocristiana\/2018\/05\/24\/se-vale-decir-no-padres-hijos\/","title":{"rendered":"Se Vale Decir \u00a1No!&#8211;Padres &#038; Hijos"},"content":{"rendered":"<p>Si es importante el di\u00e1logo en las relaciones interpersonales, lo es a\u00fan m\u00e1s la comunicaci\u00f3n en la familia. La comunicaci\u00f3n est\u00e1 guiada por los sentimientos y por la informaci\u00f3n que transmitimos y comprendemos.<\/p>\n<p>La comunicaci\u00f3n nos sirve para establecer contacto con las personas, para dar o recibir informaci\u00f3n, para expresar o comprender lo que pensamos, para transmitir nuestros sentimientos, comunicar alg\u00edn pensamiento, idea, experiencia o informaci\u00f3n con el otro, y para unirmos o vincularnos a trav\u00e9s del afecto y de la empat\u00eda.<\/p>\n<p><iframe loading=\"lazy\" width=\"754\" height=\"424\" src=\"https:\/\/www.youtube.com\/embed\/_JyHO69sMQA\" frameborder=\"0\" allow=\"autoplay; encrypted-media\" allowfullscreen><\/iframe><\/p>\n","protected":false},"excerpt":{"rendered":"<p>Si es importante el di\u00e1logo en las relaciones interpersonales, lo es a\u00fan m\u00e1s la comunicaci\u00f3n en la familia. La comunicaci\u00f3n est\u00e1 guiada por los sentimientos y por la informaci\u00f3n que transmitimos y comprendemos. La comunicaci\u00f3n nos sirve para establecer contacto con las personas, para dar o recibir informaci\u00f3n, para expresar o comprender lo que pensamos, [&hellip;]<\/p>\n","protected":false},"author":1,"featured_media":3268,"comment_status":"closed","ping_status":"closed","sticky":false,"template":"","format":"standard","meta":{"_crdt_document":"","_monsterinsights_skip_tracking":false,"_monsterinsights_sitenote_active":false,"_monsterinsights_sitenote_note":"","_monsterinsights_sitenote_category":0,"footnotes":""},"categories":[293],"tags":[126,362,297,374,48,375],"class_list":{"0":"post-3267","1":"post","2":"type-post","3":"status-publish","4":"format-standard","5":"has-post-thumbnail","6":"hentry","7":"category-se-vale-decir-no","8":"tag-consejos-para-mi-hijo","9":"tag-consejos-para-padres","10":"tag-la-radio-que-te-da-paz","11":"tag-padres-e-hijos","12":"tag-radiocristianaenlinea","13":"tag-se-vale-decir-que-no","15":"post-with-thumbnail","16":"post-with-thumbnail-large"},"aioseo_notices":[],"_links":{"self":[{"href":"https:\/\/radiocristianaenlinea.com\/radiocristiana\/wp-json\/wp\/v2\/posts\/3267","targetHints":{"allow":["GET"]}}],"collection":[{"href":"https:\/\/radiocristianaenlinea.com\/radiocristiana\/wp-json\/wp\/v2\/posts"}],"about":[{"href":"https:\/\/radiocristianaenlinea.com\/radiocristiana\/wp-json\/wp\/v2\/types\/post"}],"author":[{"embeddable":true,"href":"https:\/\/radiocristianaenlinea.com\/radiocristiana\/wp-json\/wp\/v2\/users\/1"}],"replies":[{"embeddable":true,"href":"https:\/\/radiocristianaenlinea.com\/radiocristiana\/wp-json\/wp\/v2\/comments?post=3267"}],"version-history":[{"count":1,"href":"https:\/\/radiocristianaenlinea.com\/radiocristiana\/wp-json\/wp\/v2\/posts\/3267\/revisions"}],"predecessor-version":[{"id":3269,"href":"https:\/\/radiocristianaenlinea.com\/radiocristiana\/wp-json\/wp\/v2\/posts\/3267\/revisions\/3269"}],"wp:featuredmedia":[{"embeddable":true,"href":"https:\/\/radiocristianaenlinea.com\/radiocristiana\/wp-json\/wp\/v2\/media\/3268"}],"wp:attachment":[{"href":"https:\/\/radiocristianaenlinea.com\/radiocristiana\/wp-json\/wp\/v2\/media?parent=3267"}],"wp:term":[{"taxonomy":"category","embeddable":true,"href":"https:\/\/radiocristianaenlinea.com\/radiocristiana\/wp-json\/wp\/v2\/categories?post=3267"},{"taxonomy":"post_tag","embeddable":true,"href":"https:\/\/radiocristianaenlinea.com\/radiocristiana\/wp-json\/wp\/v2\/tags?post=3267"}],"curies":[{"name":"wp","href":"https:\/\/api.w.org\/{rel}","templated":true}]}}