{"id":3344,"date":"2018-06-28T13:33:23","date_gmt":"2018-06-28T18:33:23","guid":{"rendered":"https:\/\/radiocristianaenlinea.com\/radiocristiana\/?p=3344"},"modified":"2018-08-15T14:48:47","modified_gmt":"2018-08-15T19:48:47","slug":"devocional-16-de-junio-2018","status":"publish","type":"post","link":"https:\/\/radiocristianaenlinea.com\/radiocristiana\/2018\/06\/28\/devocional-16-de-junio-2018\/","title":{"rendered":"SANTIAGO 5 -Devocional 16-06-2018"},"content":{"rendered":"<h3>Pues, hermanos tener paciencia hasta la venida del Se\u00f1or. Mirad c\u00f3mo el labrador espera el precioso fruto de la tierra, aguardando con paciencia, hasta que reciba la lluvia temprana y tard\u00eda.<\/h3>\n<p><strong>8 Tened tambi\u00e9n vosotros paciencia; confirmad vuestros corazones: porque la venida del Se\u00f1or se acerca.<\/strong><br \/>\n<strong>SANTIAGO 5:<\/strong><\/p>\n<p>Estar firme en tu coraz\u00f3n significa que el coraz\u00f3n est\u00e1 permanentemente fijo y suficientemente establecido en su elecci\u00f3n de servir a Dios que no puede ser influenciado a actuar por presiones o situaciones externas.<\/p>\n<p>El coraz\u00f3n es saludable cuando est\u00e1 establecido.<\/p>\n<p>Cuando el coraz\u00f3n est\u00e1 firmemente fijo en Dios, el Se\u00f1or, lo rodea con Su pacto eterno.<\/p>\n","protected":false},"excerpt":{"rendered":"<p>Pues, hermanos tener paciencia hasta la venida del Se\u00f1or. Mirad c\u00f3mo el labrador espera el precioso fruto de la tierra, aguardando con paciencia, hasta que reciba la lluvia temprana y tard\u00eda. 8 Tened tambi\u00e9n vosotros paciencia; confirmad vuestros corazones: porque la venida del Se\u00f1or se acerca. SANTIAGO 5: Estar firme en tu coraz\u00f3n significa que [&hellip;]<\/p>\n","protected":false},"author":1,"featured_media":3345,"comment_status":"closed","ping_status":"closed","sticky":false,"template":"","format":"standard","meta":{"_crdt_document":"","_monsterinsights_skip_tracking":false,"_monsterinsights_sitenote_active":false,"_monsterinsights_sitenote_note":"","_monsterinsights_sitenote_category":0,"footnotes":""},"categories":[3],"tags":[74,297,48,389],"class_list":{"0":"post-3344","1":"post","2":"type-post","3":"status-publish","4":"format-standard","5":"has-post-thumbnail","6":"hentry","7":"category-devocionales","8":"tag-devocionales","9":"tag-la-radio-que-te-da-paz","10":"tag-radiocristianaenlinea","11":"tag-santiago-5","13":"post-with-thumbnail","14":"post-with-thumbnail-large"},"aioseo_notices":[],"_links":{"self":[{"href":"https:\/\/radiocristianaenlinea.com\/radiocristiana\/wp-json\/wp\/v2\/posts\/3344","targetHints":{"allow":["GET"]}}],"collection":[{"href":"https:\/\/radiocristianaenlinea.com\/radiocristiana\/wp-json\/wp\/v2\/posts"}],"about":[{"href":"https:\/\/radiocristianaenlinea.com\/radiocristiana\/wp-json\/wp\/v2\/types\/post"}],"author":[{"embeddable":true,"href":"https:\/\/radiocristianaenlinea.com\/radiocristiana\/wp-json\/wp\/v2\/users\/1"}],"replies":[{"embeddable":true,"href":"https:\/\/radiocristianaenlinea.com\/radiocristiana\/wp-json\/wp\/v2\/comments?post=3344"}],"version-history":[{"count":3,"href":"https:\/\/radiocristianaenlinea.com\/radiocristiana\/wp-json\/wp\/v2\/posts\/3344\/revisions"}],"predecessor-version":[{"id":3353,"href":"https:\/\/radiocristianaenlinea.com\/radiocristiana\/wp-json\/wp\/v2\/posts\/3344\/revisions\/3353"}],"wp:featuredmedia":[{"embeddable":true,"href":"https:\/\/radiocristianaenlinea.com\/radiocristiana\/wp-json\/wp\/v2\/media\/3345"}],"wp:attachment":[{"href":"https:\/\/radiocristianaenlinea.com\/radiocristiana\/wp-json\/wp\/v2\/media?parent=3344"}],"wp:term":[{"taxonomy":"category","embeddable":true,"href":"https:\/\/radiocristianaenlinea.com\/radiocristiana\/wp-json\/wp\/v2\/categories?post=3344"},{"taxonomy":"post_tag","embeddable":true,"href":"https:\/\/radiocristianaenlinea.com\/radiocristiana\/wp-json\/wp\/v2\/tags?post=3344"}],"curies":[{"name":"wp","href":"https:\/\/api.w.org\/{rel}","templated":true}]}}