{"id":3561,"date":"2019-01-30T12:30:35","date_gmt":"2019-01-30T18:30:35","guid":{"rendered":"https:\/\/radiocristianaenlinea.com\/radiocristiana\/?p=3561"},"modified":"2019-02-06T17:08:16","modified_gmt":"2019-02-06T23:08:16","slug":"y-tu-que-haces-en-el-peligro","status":"publish","type":"post","link":"https:\/\/radiocristianaenlinea.com\/radiocristiana\/2019\/01\/30\/y-tu-que-haces-en-el-peligro\/","title":{"rendered":"\u201cY T\u00da QU\u00c9 HACES EN EL PELIGRO!?\u201d"},"content":{"rendered":"<h1>Devocional 30 enero 2019.<\/h1>\n<p>Cuentan que en una escuela de renombre comenz\u00f3 un incendio!. se produjo una terrible alarma y varios ni\u00f1os se precipitaron unos contra otros a tal grado que fueron heridos de gravedad!.<\/p>\n<p>Pero hubo una ni\u00f1a que se qued\u00f3 sentada en su mesa, muy p\u00e1lida, de sus ojos brotaban l\u00e1grimas! Pero supo estar quieta y sin gritar!.<br \/>\nDespu\u00e9s que pas\u00f3 el peligro y el orden fue restablecido, le preguntaron por qu\u00e9 no se hab\u00eda levantado y huido!<br \/>\n-\u00a1Ah!, respondi\u00f3&#8230; mi pap\u00e1 es bombero y siempre me ha dicho que lo mejor que se puede hacer en un incendio es quedarse quieto hasta que la puerta est\u00e9 libre de personas que se atropellan o que haya pasado el peligro!&#8230; Yo le creo a mi pap\u00e1 y por eso me qued\u00e9 quieta!&#8230;<\/p>\n<p>Saben?&#8230; En nuestra vida diaria es igual, muchas de nuestras decisiones son tomadas al calor del momento, guiados por nuestros miedos o por lo que otros dicen&#8230; Sin embargo, tenemos las promesas de Dios de nunca abandonarnos, de pelear por nosotros, de proveer para nuestras necesidades, de defendernos, de sanarnos y muchas m\u00e1s!.<\/p>\n<p>Pero hay un factor&#8230; Creerle a Dios no siempre es sencillo cierto?&#8230; porque nuestra parte humana nos lleva a sacar conclusiones adelantadas, a ver los problemas m\u00e1s grandes de lo que son, a querer actuar y resolver las cosas de acuerdo a nuestro razonamiento!&#8230; La ni\u00f1a de la historia se qued\u00f3 sentada, y aunque estaba p\u00e1lida y l\u00e1grimas brotaban de sus ojos, se qued\u00f3 ah\u00ed creyendo en lo que su padre le hab\u00eda dicho!&#8230;<\/p>\n<p>Amigo(a) m\u00edo(a)!&#8230; Dios promete pelear nuestras batallas, darnos la victoria en cualquier circunstancia y no abandonarnos nunca.<\/p>\n<h2>(\u00c9xodo 14:13,14)<\/h2>\n<p>\u201cPero Mois\u00e9s les dijo: \u2014No tengan miedo. Solo qu\u00e9dense quietos y observen c\u00f3mo el Se\u00f1or los rescatar\u00e1 hoy. Esos egipcios que ahora ven, jam\u00e1s volver\u00e1n a verlos. El Se\u00f1or mismo pelear\u00e1 por ustedes. Solo qu\u00e9dense tranquilos.\u201d<\/p>\n<p>La decisi\u00f3n de creerle a Dios es tuya! y de nadie m\u00e1s!&#8230; dejemos de pensar en nuestras fuerzas y capacidades!&#8230; seamos peque\u00f1os y humillemos nuestro coraz\u00f3n a Dios y arrepint\u00e1monos de querer tomar su lugar!&#8230; si!&#8230; es probable que no sea sencillo quedarse en calma esperando que Dios act\u00fae, pero es la mejor elecci\u00f3n!&#8230; porque tienes la victoria asegurada!&#8230;<br \/>\nAsi que amigo(a). Ten calma y descansa en \u00c9l!<\/p>\n<p>DIOS LOS BENDIGA A TODOS!<br \/>\nJon Alvarado<\/p>\n","protected":false},"excerpt":{"rendered":"<p>Devocional 30 enero 2019. Cuentan que en una escuela de renombre comenz\u00f3 un incendio!. se produjo una terrible alarma y varios ni\u00f1os se precipitaron unos contra otros a tal grado que fueron heridos de gravedad!. Pero hubo una ni\u00f1a que se qued\u00f3 sentada en su mesa, muy p\u00e1lida, de sus ojos brotaban l\u00e1grimas! Pero supo [&hellip;]<\/p>\n","protected":false},"author":1,"featured_media":0,"comment_status":"closed","ping_status":"closed","sticky":false,"template":"","format":"standard","meta":{"_crdt_document":"","_monsterinsights_skip_tracking":false,"_monsterinsights_sitenote_active":false,"_monsterinsights_sitenote_note":"","_monsterinsights_sitenote_category":0,"footnotes":""},"categories":[35],"tags":[396,74,395,306,48],"class_list":["post-3561","post","type-post","status-publish","format-standard","hentry","category-jon-alvarado","tag-396","tag-devocionales","tag-exodo-1413","tag-la-estacion-que-te-da-paz","tag-radiocristianaenlinea"],"aioseo_notices":[],"_links":{"self":[{"href":"https:\/\/radiocristianaenlinea.com\/radiocristiana\/wp-json\/wp\/v2\/posts\/3561","targetHints":{"allow":["GET"]}}],"collection":[{"href":"https:\/\/radiocristianaenlinea.com\/radiocristiana\/wp-json\/wp\/v2\/posts"}],"about":[{"href":"https:\/\/radiocristianaenlinea.com\/radiocristiana\/wp-json\/wp\/v2\/types\/post"}],"author":[{"embeddable":true,"href":"https:\/\/radiocristianaenlinea.com\/radiocristiana\/wp-json\/wp\/v2\/users\/1"}],"replies":[{"embeddable":true,"href":"https:\/\/radiocristianaenlinea.com\/radiocristiana\/wp-json\/wp\/v2\/comments?post=3561"}],"version-history":[{"count":3,"href":"https:\/\/radiocristianaenlinea.com\/radiocristiana\/wp-json\/wp\/v2\/posts\/3561\/revisions"}],"predecessor-version":[{"id":3632,"href":"https:\/\/radiocristianaenlinea.com\/radiocristiana\/wp-json\/wp\/v2\/posts\/3561\/revisions\/3632"}],"wp:attachment":[{"href":"https:\/\/radiocristianaenlinea.com\/radiocristiana\/wp-json\/wp\/v2\/media?parent=3561"}],"wp:term":[{"taxonomy":"category","embeddable":true,"href":"https:\/\/radiocristianaenlinea.com\/radiocristiana\/wp-json\/wp\/v2\/categories?post=3561"},{"taxonomy":"post_tag","embeddable":true,"href":"https:\/\/radiocristianaenlinea.com\/radiocristiana\/wp-json\/wp\/v2\/tags?post=3561"}],"curies":[{"name":"wp","href":"https:\/\/api.w.org\/{rel}","templated":true}]}}