{"id":3790,"date":"2019-08-04T16:51:57","date_gmt":"2019-08-04T21:51:57","guid":{"rendered":"https:\/\/radiocristianaenlinea.com\/radiocristiana\/?p=3790"},"modified":"2019-08-13T11:12:32","modified_gmt":"2019-08-13T16:12:32","slug":"me-siento-solo-dios-es-tu-reposo","status":"publish","type":"post","link":"https:\/\/radiocristianaenlinea.com\/radiocristiana\/2019\/08\/04\/me-siento-solo-dios-es-tu-reposo\/","title":{"rendered":"\u00bfPOR QUE ME SIENTO SOLO?"},"content":{"rendered":"\n<h3 class=\"wp-block-heading\"> Salmos 139:3-4<\/h3>\n\n\n\n<p class=\"wp-block-paragraph\">\u201cHas escudri\u00f1ado mi andar y mi reposo, Y todos mis caminos te son conocidos. Pues a\u00fan no est\u00e1 la palabra en mi lengua, Y he aqu\u00ed, oh Jehov\u00e1, t\u00fa la sabes toda.<\/p>\n\n\n\n<p class=\"wp-block-paragraph\">Sentirse solo a\u00fan cuando uno tiene personas alrededor se ha vuelto muy com\u00fan en estos d\u00edas y pareciera que no hay nada que pueda llenar ese vac\u00edo!\u2026 pero no es as\u00ed!\u2026 Dios siempre est\u00e1 con nosotros!\u2026 en La Biblia dice que \u00c9l conoce nuestros caminos e incluso aquello que diremos!. Y esta es una prueba muy clara de que somos importantes para \u00c9l y que se mantiene muy cerca de nosotros!\u2026<\/p>\n\n\n\n<p class=\"wp-block-paragraph\">Querido(a) Amigo(a)!\u2026 No tienes que luchar solo y en tus fuerzas, busca refugio en Dios, permite que llene tu coraz\u00f3n y tu vida con Su amor\u2026 cree en Su promesa!<\/p>\n\n\n\n<p class=\"wp-block-paragraph\">Dios jam\u00e1s se apartar\u00e1 de aquellos que ponen su confianza en sus manos y lo mantienen en primer lugar en sus vidas!<\/p>\n\n\n\n<p class=\"wp-block-paragraph\">As\u00ed que, qu\u00e9 esperas!\u2026 ref\u00fagiate en sus brazos y observa c\u00f3mo el sentimiento de soledad se desvanece!\u2026<\/p>\n\n\n\n<h3 class=\"wp-block-heading\"> \u00c9xodo 33:14 <\/h3>\n\n\n\n<p class=\"wp-block-paragraph\">\u201cY \u00e9l dijo: Mi presencia ir\u00e1 contigo, y te dar\u00e9 descanso.\u201d<\/p>\n\n\n\n<h3 class=\"wp-block-heading\">Dios es tu reposo.<\/h3>\n\n\n\n<p class=\"wp-block-paragraph\">Todos conocemos a una persona que est\u00e1 pasando por algo parecido, s\u00famate y comparte la pagina, animalo a leer la Palabra de Dios, tu puedes ser parte del cambio en su vida..<\/p>\n\n\n\n<p class=\"wp-block-paragraph\">Hablale del amor de Dios, en \u00e9l encontrar\u00e1 todo lo que necesita su coraz\u00f3n para sentir paz,  al conocerlo podr\u00e1 sentirse libre y Amado y  sera su reposo ,vera en su vida un gran cambio, se un ejemplo de vida para el. <\/p>\n\n\n\n<p class=\"wp-block-paragraph\">Recuerda Visitar nuestra pagina en <a href=\"https:\/\/www.facebook.com\/radiocristianaenlineamexico\">Facebook<\/a>  y tambi\u00e9n te invitamos a unirte a nuestro en <a href=\"https:\/\/www.facebook.com\/groups\/187524991811782\/\">facebook, <\/a> Comparte e invita a un amigo el cual puede ser bendecido.<\/p>\n\n\n\n<p class=\"wp-block-paragraph\">DIOS LOS BENDIGA A TODOS!<br> Jon Alvarado<\/p>\n\n\n\n<p class=\"wp-block-paragraph\">Recuerda que puedes disfrutar de nuestros programas en video en el siguiente <a href=\"https:\/\/radiocristianaenlinea.com\/radiocristiana\/en-vivo\/\">enlace<\/a><\/p>\n\n\n\n<figure class=\"wp-block-image size-large\"><img loading=\"lazy\" decoding=\"async\" width=\"1024\" height=\"684\" src=\"https:\/\/radiocristianaenlinea.com\/radiocristiana\/wp-content\/uploads\/2019\/08\/pan-diario-may-1024x684.jpg\" alt=\"me siento solo\" class=\"wp-image-3796\" srcset=\"https:\/\/radiocristianaenlinea.com\/radiocristiana\/wp-content\/uploads\/2019\/08\/pan-diario-may-1024x684.jpg 1024w, https:\/\/radiocristianaenlinea.com\/radiocristiana\/wp-content\/uploads\/2019\/08\/pan-diario-may-300x200.jpg 300w, https:\/\/radiocristianaenlinea.com\/radiocristiana\/wp-content\/uploads\/2019\/08\/pan-diario-may-768x513.jpg 768w, https:\/\/radiocristianaenlinea.com\/radiocristiana\/wp-content\/uploads\/2019\/08\/pan-diario-may-370x247.jpg 370w, https:\/\/radiocristianaenlinea.com\/radiocristiana\/wp-content\/uploads\/2019\/08\/pan-diario-may-1040x695.jpg 1040w, https:\/\/radiocristianaenlinea.com\/radiocristiana\/wp-content\/uploads\/2019\/08\/pan-diario-may.jpg 1876w\" sizes=\"auto, (max-width: 1024px) 100vw, 1024px\" \/><\/figure>\n","protected":false},"excerpt":{"rendered":"<p>Sentirse solo a\u00fan cuando uno tiene personas alrededor se ha vuelto muy com\u00fan en estos d\u00edas y pareciera que no hay nada que pueda llenar ese vac\u00edo!\u2026 pero no es as\u00ed!\u2026 <\/p>\n","protected":false},"author":1,"featured_media":3796,"comment_status":"closed","ping_status":"closed","sticky":false,"template":"","format":"standard","meta":{"_crdt_document":"","_monsterinsights_skip_tracking":false,"_monsterinsights_sitenote_active":false,"_monsterinsights_sitenote_note":"","_monsterinsights_sitenote_category":0,"footnotes":""},"categories":[35],"tags":[52,74,441,297,442,48,72,440],"class_list":{"0":"post-3790","1":"post","2":"type-post","3":"status-publish","4":"format-standard","5":"has-post-thumbnail","6":"hentry","7":"category-jon-alvarado","8":"tag-devocional","9":"tag-devocionales","10":"tag-exodo-3314","11":"tag-la-radio-que-te-da-paz","12":"tag-radio-cristian-en-linea","13":"tag-radiocristianaenlinea","14":"tag-radiocristianaenlinea-com","15":"tag-salmos-1393-4","17":"post-with-thumbnail","18":"post-with-thumbnail-large"},"aioseo_notices":[],"_links":{"self":[{"href":"https:\/\/radiocristianaenlinea.com\/radiocristiana\/wp-json\/wp\/v2\/posts\/3790","targetHints":{"allow":["GET"]}}],"collection":[{"href":"https:\/\/radiocristianaenlinea.com\/radiocristiana\/wp-json\/wp\/v2\/posts"}],"about":[{"href":"https:\/\/radiocristianaenlinea.com\/radiocristiana\/wp-json\/wp\/v2\/types\/post"}],"author":[{"embeddable":true,"href":"https:\/\/radiocristianaenlinea.com\/radiocristiana\/wp-json\/wp\/v2\/users\/1"}],"replies":[{"embeddable":true,"href":"https:\/\/radiocristianaenlinea.com\/radiocristiana\/wp-json\/wp\/v2\/comments?post=3790"}],"version-history":[{"count":14,"href":"https:\/\/radiocristianaenlinea.com\/radiocristiana\/wp-json\/wp\/v2\/posts\/3790\/revisions"}],"predecessor-version":[{"id":3809,"href":"https:\/\/radiocristianaenlinea.com\/radiocristiana\/wp-json\/wp\/v2\/posts\/3790\/revisions\/3809"}],"wp:featuredmedia":[{"embeddable":true,"href":"https:\/\/radiocristianaenlinea.com\/radiocristiana\/wp-json\/wp\/v2\/media\/3796"}],"wp:attachment":[{"href":"https:\/\/radiocristianaenlinea.com\/radiocristiana\/wp-json\/wp\/v2\/media?parent=3790"}],"wp:term":[{"taxonomy":"category","embeddable":true,"href":"https:\/\/radiocristianaenlinea.com\/radiocristiana\/wp-json\/wp\/v2\/categories?post=3790"},{"taxonomy":"post_tag","embeddable":true,"href":"https:\/\/radiocristianaenlinea.com\/radiocristiana\/wp-json\/wp\/v2\/tags?post=3790"}],"curies":[{"name":"wp","href":"https:\/\/api.w.org\/{rel}","templated":true}]}}