{"id":4026,"date":"2020-12-02T13:34:57","date_gmt":"2020-12-02T19:34:57","guid":{"rendered":"https:\/\/radiocristianaenlinea.com\/radiocristiana\/?p=4026"},"modified":"2020-12-02T13:35:01","modified_gmt":"2020-12-02T19:35:01","slug":"yo-digo-las-cosas-de-frente","status":"publish","type":"post","link":"https:\/\/radiocristianaenlinea.com\/radiocristiana\/2020\/12\/02\/yo-digo-las-cosas-de-frente\/","title":{"rendered":"\u201cYO DIGO LAS COSAS DE FRENTE!\u201d"},"content":{"rendered":"\n<p class=\"wp-block-paragraph\">He escuchado en infinidad de personas decir\u2026 \u201ca m\u00ed me gusta decir las cosas de frente!\u201d\u2026 uy!, si bien la sinceridad debe ser primordial en una conversaci\u00f3n o relaci\u00f3n, a veces confundimos esta valiosa virtud con la imprudencia!\u2026 nos encanta decir lo que no nos agrada de la forma y con las palabras incorrectas!, y entonces, en lugar de ser una ayuda, nos convertimos en una piedra de tropiezo!\u2026<\/p>\n\n\n\n<p class=\"wp-block-paragraph\">\u201cHablar demasiado conduce al pecado. S\u00e9 prudente y mant\u00e9n la boca cerrada.\u201d<br><strong>??(Proverbios? ?10:19?)<\/strong><\/p>\n\n\n\n<p class=\"wp-block-paragraph\">Es un hecho que cuando queremos reclamar algo, generalmente tenemos mucho que decir!, en especial si estamos alterados! ?\u2026 pero debemos recordar que lo que Dios desea de nosotros es que seamos sabios y prudentes! y no actuemos como necios! como lo har\u00eda cualquiera!\u2026 Lo mejor no es decir muchas palabras sino saber frenar la lengua para no lastimar, ni salir lastimado\u2026<\/p>\n\n\n\n<p class=\"wp-block-paragraph\">No olvidemos jam\u00e1s que la sinceridad es una hermosa virtud, pero puedes convertirla en un gran defecto cuando no la utilizas de forma apropiada!\u2026 lastimas y maltratas por no saber expresarte de la forma correcta y en el momento indicado\u2026 As\u00ed que, si de verdad quieres ser escuchado, entonces s\u00e9 sincero y no imprudente!<\/p>\n\n\n\n<p class=\"wp-block-paragraph\">\u201cLas palabras sabias traen aprobaci\u00f3n, pero a los necios, sus propias palabras los destruyen.\u201d<br><strong>(Eclesiast\u00e9s 10:12)<\/strong><\/p>\n\n\n\n<p class=\"wp-block-paragraph\">Amig@ m\u00ed@!\u2026 Si realmente quieres resolver un conflicto act\u00faa con sinceridad, sabidur\u00eda y prudencia, porque de esta manera los dem\u00e1s te escuchar\u00e1n y aprobar\u00e1n tus comentarios!\u2026 No olvides que es dif\u00edcil escuchar a alguien imprudente porque solo lastima con su actitud!\u2026<\/p>\n\n\n\n<p class=\"wp-block-paragraph\">Es momento de reflexionar!\u2026 preg\u00fantate\u2026 \u00bftienes conflictos contra alguien?<\/p>\n\n\n\n<p class=\"wp-block-paragraph\">Te animo a tratar a los dem\u00e1s con respeto\u2026 no humilles a nadie ni lo averg\u00fcences frente a otros!\u2026 si a\u00fan est\u00e1s airado lo mejor es que te calmes y converses a solas con esa persona!\u2026<br>Vamos!\u2026 \u00a1seamos diferentes!<\/p>\n\n\n\n<p class=\"wp-block-paragraph\">DIOS LOS BENDIGA A TODOS!<br><a href=\"https:\/\/www.facebook.com\/jon.alvarado.28\">Jon Alvarado<\/a>.<\/p>\n","protected":false},"excerpt":{"rendered":"<p>He escuchado en infinidad de personas decir\u2026 \u201ca m\u00ed me gusta decir las cosas de frente!\u201d\u2026 uy!, si bien la sinceridad debe ser primordial en una conversaci\u00f3n o relaci\u00f3n, a veces confundimos esta valiosa virtud con la imprudencia!\u2026 nos encanta decir lo que no nos agrada de la forma y con las palabras incorrectas!, y entonces, en lugar de ser una ayuda, nos convertimos en una piedra de tropiezo!<\/p>\n","protected":false},"author":1,"featured_media":0,"comment_status":"closed","ping_status":"closed","sticky":false,"template":"","format":"standard","meta":{"_crdt_document":"","_monsterinsights_skip_tracking":false,"_monsterinsights_sitenote_active":false,"_monsterinsights_sitenote_note":"","_monsterinsights_sitenote_category":0,"footnotes":""},"categories":[35],"tags":[74,451,450,306,297,403,48,72],"class_list":["post-4026","post","type-post","status-publish","format-standard","hentry","category-jon-alvarado","tag-devocionales","tag-eclesiastes-1012","tag-jon-alvarado","tag-la-estacion-que-te-da-paz","tag-la-radio-que-te-da-paz","tag-radio-cristiana-en-linea","tag-radiocristianaenlinea","tag-radiocristianaenlinea-com"],"aioseo_notices":[],"_links":{"self":[{"href":"https:\/\/radiocristianaenlinea.com\/radiocristiana\/wp-json\/wp\/v2\/posts\/4026","targetHints":{"allow":["GET"]}}],"collection":[{"href":"https:\/\/radiocristianaenlinea.com\/radiocristiana\/wp-json\/wp\/v2\/posts"}],"about":[{"href":"https:\/\/radiocristianaenlinea.com\/radiocristiana\/wp-json\/wp\/v2\/types\/post"}],"author":[{"embeddable":true,"href":"https:\/\/radiocristianaenlinea.com\/radiocristiana\/wp-json\/wp\/v2\/users\/1"}],"replies":[{"embeddable":true,"href":"https:\/\/radiocristianaenlinea.com\/radiocristiana\/wp-json\/wp\/v2\/comments?post=4026"}],"version-history":[{"count":1,"href":"https:\/\/radiocristianaenlinea.com\/radiocristiana\/wp-json\/wp\/v2\/posts\/4026\/revisions"}],"predecessor-version":[{"id":4027,"href":"https:\/\/radiocristianaenlinea.com\/radiocristiana\/wp-json\/wp\/v2\/posts\/4026\/revisions\/4027"}],"wp:attachment":[{"href":"https:\/\/radiocristianaenlinea.com\/radiocristiana\/wp-json\/wp\/v2\/media?parent=4026"}],"wp:term":[{"taxonomy":"category","embeddable":true,"href":"https:\/\/radiocristianaenlinea.com\/radiocristiana\/wp-json\/wp\/v2\/categories?post=4026"},{"taxonomy":"post_tag","embeddable":true,"href":"https:\/\/radiocristianaenlinea.com\/radiocristiana\/wp-json\/wp\/v2\/tags?post=4026"}],"curies":[{"name":"wp","href":"https:\/\/api.w.org\/{rel}","templated":true}]}}