{"id":4029,"date":"2020-12-09T11:20:42","date_gmt":"2020-12-09T17:20:42","guid":{"rendered":"https:\/\/radiocristianaenlinea.com\/radiocristiana\/?p=4029"},"modified":"2020-12-09T11:20:46","modified_gmt":"2020-12-09T17:20:46","slug":"mis-pensamientos-mi-destino","status":"publish","type":"post","link":"https:\/\/radiocristianaenlinea.com\/radiocristiana\/2020\/12\/09\/mis-pensamientos-mi-destino\/","title":{"rendered":"MIS PENSAMIENTOS\u2026 MI DESTINO"},"content":{"rendered":"\n<p class=\"wp-block-paragraph\">Hay un refr\u00e1n que dice: \u201cSiembra un pensamiento y cosechar\u00e1s una acci\u00f3n. Siembra un h\u00e1bito y cosechar\u00e1s un car\u00e1cter, Siembra un car\u00e1cter y cosechar\u00e1s un destino\u201d.Lo que empieza como un pensamiento puede convertirse en un destino!\u2026 Saben?\u2026 Nuestra mente es como un campo de tierra preparada para sembrar y un pensamiento es como una semilla que con el tiempo da fruto\u2026 Por eso es muy importante cuidar la mente!<\/p>\n\n\n\n<h3 class=\"wp-block-heading\"><strong>Proverbios 23:7<\/strong><\/h3>\n\n\n\n<p class=\"wp-block-paragraph\">Porque cual es su pensamiento en su coraz\u00f3n, tal es \u00e9l\u2026<\/p>\n\n\n\n<p class=\"wp-block-paragraph\">Es verdad que por nuestra mente pasan cientos de pensamientos cada d\u00eda, pero depende de nosotros darle importancia o mayor peso a cierto tipo de pensamientos&#8230; por ejemplo, muchas personas han perdido la vida pensando que la muerte era la \u00fanica soluci\u00f3n o escape a sus problemas&#8230;Lo cierto es que si uno no cuida su mente, los pensamientos se arraigar\u00e1n en el coraz\u00f3n, y as\u00ed como un alcoh\u00f3lico o drogadicto, se ir\u00e1n haciendo cada vez m\u00e1s fuertes\u2026<\/p>\n\n\n\n<p class=\"wp-block-paragraph\">Nadie est\u00e1 libre de los pensamientos malos! Lo sabemos!.. por esa raz\u00f3n es importante preguntarnos\u2026 \u00bfA qu\u00e9 pensamientos le doy importancia? \u00bfDe bien o de mal? \u00bfDe miedo o de fe? \u00bfmuerte o vida?\u2026 D\u00e9jame decirte amig@ mi@ que los pensamientos que alimentes en tu mente determinar\u00e1n tu vida y tu destino!\u2026<\/p>\n\n\n\n<h3 class=\"wp-block-heading\"><strong><strong>Filipenses 4:8<\/strong><\/strong><\/h3>\n\n\n\n<p class=\"wp-block-paragraph\">Por lo dem\u00e1s, hermanos, todo lo que es verdadero, todo lo honesto, todo lo justo, todo lo puro, todo lo amable, todo lo que es de buen nombre; si hay virtud alguna, si algo digno de alabanza, en esto pensad.\u201d<\/p>\n\n\n\n<p class=\"wp-block-paragraph\">La Biblia nos ense\u00f1a en (Marcos 7:21-23) dice que el origen de los malos pensamientos est\u00e1 en el coraz\u00f3n!\u2026 S\u00ed!!\u2026 Es ah\u00ed donde se generan los pensamientos! Entonces, debemos cambiar el coraz\u00f3n!\u2026 Ok!! Pero\u2026 \u00bfc\u00f3mo?, muy sencillo!\u2026<\/p>\n\n\n\n<h3 class=\"wp-block-heading\"><strong><strong><strong>Ezequiel 36:26<\/strong><\/strong><\/strong><\/h3>\n\n\n\n<p class=\"wp-block-paragraph\">Les dar\u00e9 un coraz\u00f3n nuevo y pondr\u00e9 un esp\u00edritu nuevo dentro de ustedes. Les quitar\u00e9 ese terco coraz\u00f3n de piedra y les dar\u00e9 un coraz\u00f3n tierno y receptivo.<\/p>\n\n\n\n<p class=\"wp-block-paragraph\">Acerc\u00e1ndonos a Dios!!\u2026 porque \u00c9l es el \u00fanico que puede cambiar un coraz\u00f3n injusto y pecaminoso por uno nuevo!\u2026. as\u00ed que mis querid@s amig@s!\u2026 por muy duro o malo que sea tu coraz\u00f3n\u2026 tiene una soluci\u00f3n!\u2026 y esta se llama Jes\u00fas!\u2026 ac\u00e9rcate a \u00c9l y cambia tu manera de pensar\u2026<\/p>\n\n\n\n<p class=\"wp-block-paragraph\"><strong>DIOS LOS BENDIGA A TODOS!<\/strong><\/p>\n\n\n\n<p class=\"wp-block-paragraph\"><a href=\"https:\/\/www.facebook.com\/jon.alvarado.28\">Jon Alvarado.<\/a><\/p>\n","protected":false},"excerpt":{"rendered":"<p>Hay un refr\u00e1n que dice: \u201cSiembra un pensamiento y cosechar\u00e1s una acci\u00f3n. Siembra un h\u00e1bito y cosechar\u00e1s un car\u00e1cter, Siembra un car\u00e1cter y cosechar\u00e1s un destino\u201d.Lo que empieza como un pensamiento puede convertirse en un destino!<\/p>\n","protected":false},"author":1,"featured_media":0,"comment_status":"closed","ping_status":"closed","sticky":false,"template":"","format":"standard","meta":{"_crdt_document":"","_monsterinsights_skip_tracking":false,"_monsterinsights_sitenote_active":false,"_monsterinsights_sitenote_note":"","_monsterinsights_sitenote_category":0,"footnotes":""},"categories":[35],"tags":[52,74,454,351,306,297,453,403],"class_list":["post-4029","post","type-post","status-publish","format-standard","hentry","category-jon-alvarado","tag-devocional","tag-devocionales","tag-ezequiel-3626","tag-filipenses-48","tag-la-estacion-que-te-da-paz","tag-la-radio-que-te-da-paz","tag-proverbios-237","tag-radio-cristiana-en-linea"],"aioseo_notices":[],"_links":{"self":[{"href":"https:\/\/radiocristianaenlinea.com\/radiocristiana\/wp-json\/wp\/v2\/posts\/4029","targetHints":{"allow":["GET"]}}],"collection":[{"href":"https:\/\/radiocristianaenlinea.com\/radiocristiana\/wp-json\/wp\/v2\/posts"}],"about":[{"href":"https:\/\/radiocristianaenlinea.com\/radiocristiana\/wp-json\/wp\/v2\/types\/post"}],"author":[{"embeddable":true,"href":"https:\/\/radiocristianaenlinea.com\/radiocristiana\/wp-json\/wp\/v2\/users\/1"}],"replies":[{"embeddable":true,"href":"https:\/\/radiocristianaenlinea.com\/radiocristiana\/wp-json\/wp\/v2\/comments?post=4029"}],"version-history":[{"count":1,"href":"https:\/\/radiocristianaenlinea.com\/radiocristiana\/wp-json\/wp\/v2\/posts\/4029\/revisions"}],"predecessor-version":[{"id":4030,"href":"https:\/\/radiocristianaenlinea.com\/radiocristiana\/wp-json\/wp\/v2\/posts\/4029\/revisions\/4030"}],"wp:attachment":[{"href":"https:\/\/radiocristianaenlinea.com\/radiocristiana\/wp-json\/wp\/v2\/media?parent=4029"}],"wp:term":[{"taxonomy":"category","embeddable":true,"href":"https:\/\/radiocristianaenlinea.com\/radiocristiana\/wp-json\/wp\/v2\/categories?post=4029"},{"taxonomy":"post_tag","embeddable":true,"href":"https:\/\/radiocristianaenlinea.com\/radiocristiana\/wp-json\/wp\/v2\/tags?post=4029"}],"curies":[{"name":"wp","href":"https:\/\/api.w.org\/{rel}","templated":true}]}}