{"id":778,"date":"2016-04-29T10:39:49","date_gmt":"2016-04-29T15:39:49","guid":{"rendered":"https:\/\/radiocristianaenlinea.com\/radiocristiana\/?p=778"},"modified":"2016-04-29T10:39:49","modified_gmt":"2016-04-29T15:39:49","slug":"devocional-del-29-04-2016","status":"publish","type":"post","link":"https:\/\/radiocristianaenlinea.com\/radiocristiana\/2016\/04\/29\/devocional-del-29-04-2016\/","title":{"rendered":"Devocional del 29-04-2016"},"content":{"rendered":"<p>Pastor Oscar Sanchez: \u00a1Buen d\u00eda!<\/p>\n<p>La Palabra de Dios ense\u00f1a que la Sangre de Cristo ha reconciliado al hombre de la:<\/p>\n<p>MUERTE.<br \/>\nLa muerte es la segunda cosa terrena que interrumpe la unidad y la armon\u00eda del hombre para con Dios.<\/p>\n<p>El profeta \u00d3seas profetiz\u00f3 sobre la Sangre reconciliadora y redentora de Cristo que redimir\u00eda al hombre de la muerte.<\/p>\n<p>De la mano del sepulcro los redimir\u00e9, librar\u00e9los de la muerte. Oh muerte, yo ser\u00e9 tu muerte; y ser\u00e9 tu destrucci\u00f2n, oh sepulcro arrepentimiento ser\u00e1 escondido de mis ojos.<br \/>\n\u00d3SEAS 13:14<\/p>\n<p>En medio de la muerte y de la maldad de Israel que hab\u00eda destruido su unidad y armon\u00eda con Dios, el Se\u00f1or Jehov\u00e1, su Rey prometi\u00f3 rescatarlos de la tumba, y redimirlos de la muerte.<\/p>\n<p>Cuando los pescadores mueren, sus cuerpos van a la tumba a esperar la resurrecci\u00f3n de los malvados y el juicio que los mandar\u00e1 al lago de fuego.<\/p>\n<p>Los creyentes en Cristo tambi\u00e9n mueren, y sus cuerpos ir\u00e1n a la tumba a esperar la bendita resurrecci\u00f3n, ya sea de los muertos que sean vencedores, o de la resurrecci\u00f3n final cuando todos los dem\u00e1s creyentes se levantar\u00e1n.<\/p>\n<p>Sin importar el tiempo de la resurrecci\u00f3n, la Sangre de Cristo resucitada redimir\u00e1 los cuerpos muertos de los creyentes de la tumba, reuniendo sus esp\u00edritus y almas y llev\u00e1ndolos al cielo con El.<\/p>\n<p>En la ma\u00f1ana de resurrecci\u00f3n, los santos ser\u00e1n completamente redimidos y restaurados eternamente esp\u00edritu, alma y cuerpo, para una perfecta unidad y armon\u00eda con Dios.<\/p>\n<p>Qu\u00e9 el Se\u00f1or Jesucristo siga bendiciendo sus vidas. ?<br \/>\n(Dios y la Sangre pag 220b, 221, 222a Rev. B. R. Hicks)<\/p>\n","protected":false},"excerpt":{"rendered":"<p>Pastor Oscar Sanchez: \u00a1Buen d\u00eda! La Palabra de Dios ense\u00f1a que la Sangre de Cristo ha reconciliado al hombre de la: MUERTE. La muerte es la segunda cosa terrena que interrumpe la unidad y la armon\u00eda del hombre para con Dios. El profeta \u00d3seas profetiz\u00f3 sobre la Sangre reconciliadora y redentora de Cristo que redimir\u00eda [&hellip;]<\/p>\n","protected":false},"author":1,"featured_media":779,"comment_status":"closed","ping_status":"closed","sticky":false,"template":"","format":"standard","meta":{"_crdt_document":"","_monsterinsights_skip_tracking":false,"_monsterinsights_sitenote_active":false,"_monsterinsights_sitenote_note":"","_monsterinsights_sitenote_category":0,"footnotes":""},"categories":[3],"tags":[],"class_list":{"0":"post-778","1":"post","2":"type-post","3":"status-publish","4":"format-standard","5":"has-post-thumbnail","6":"hentry","7":"category-devocionales","9":"post-with-thumbnail","10":"post-with-thumbnail-large"},"aioseo_notices":[],"_links":{"self":[{"href":"https:\/\/radiocristianaenlinea.com\/radiocristiana\/wp-json\/wp\/v2\/posts\/778","targetHints":{"allow":["GET"]}}],"collection":[{"href":"https:\/\/radiocristianaenlinea.com\/radiocristiana\/wp-json\/wp\/v2\/posts"}],"about":[{"href":"https:\/\/radiocristianaenlinea.com\/radiocristiana\/wp-json\/wp\/v2\/types\/post"}],"author":[{"embeddable":true,"href":"https:\/\/radiocristianaenlinea.com\/radiocristiana\/wp-json\/wp\/v2\/users\/1"}],"replies":[{"embeddable":true,"href":"https:\/\/radiocristianaenlinea.com\/radiocristiana\/wp-json\/wp\/v2\/comments?post=778"}],"version-history":[{"count":1,"href":"https:\/\/radiocristianaenlinea.com\/radiocristiana\/wp-json\/wp\/v2\/posts\/778\/revisions"}],"predecessor-version":[{"id":780,"href":"https:\/\/radiocristianaenlinea.com\/radiocristiana\/wp-json\/wp\/v2\/posts\/778\/revisions\/780"}],"wp:featuredmedia":[{"embeddable":true,"href":"https:\/\/radiocristianaenlinea.com\/radiocristiana\/wp-json\/wp\/v2\/media\/779"}],"wp:attachment":[{"href":"https:\/\/radiocristianaenlinea.com\/radiocristiana\/wp-json\/wp\/v2\/media?parent=778"}],"wp:term":[{"taxonomy":"category","embeddable":true,"href":"https:\/\/radiocristianaenlinea.com\/radiocristiana\/wp-json\/wp\/v2\/categories?post=778"},{"taxonomy":"post_tag","embeddable":true,"href":"https:\/\/radiocristianaenlinea.com\/radiocristiana\/wp-json\/wp\/v2\/tags?post=778"}],"curies":[{"name":"wp","href":"https:\/\/api.w.org\/{rel}","templated":true}]}}