{"id":789,"date":"2016-05-03T10:34:43","date_gmt":"2016-05-03T15:34:43","guid":{"rendered":"https:\/\/radiocristianaenlinea.com\/radiocristiana\/?p=789"},"modified":"2016-05-03T10:34:43","modified_gmt":"2016-05-03T15:34:43","slug":"devocional-del-03-05-2016","status":"publish","type":"post","link":"https:\/\/radiocristianaenlinea.com\/radiocristiana\/2016\/05\/03\/devocional-del-03-05-2016\/","title":{"rendered":"Devocional del 03-05-2016"},"content":{"rendered":"<p>Pastor Oscar Sanchez: Buen d\u00eda!<\/p>\n<p>Hoy continuamos con la tercera cosa terrena que trata de quebrantar la unidad y armon\u00eda del hombre con Dios.<\/p>\n<p>EL DIABLO.<\/p>\n<p>Cuando el Se\u00f1or Jes\u00fas puso Su tal\u00f3n crucificado sobre la cabeza de la simiente de la serpiente como fue profetizado, conquist\u00f3 y desarm\u00f3 el poder del Diablo.<\/p>\n<p>A trav\u00e9s de Su corona de espinas y de la Sangre que manaba de Sus preciosas heridas, Cristo desmantel\u00f3, inutiliz\u00f3, y destruyo el poder del Diablo, clav\u00e1ndolo a la Cruz y exhibi\u00e9ndolo abiertamente triunfando sobre el y conquist\u00e1ndolo.<\/p>\n<p>La Sangre de Cristo nos redime de la maldici\u00f2n de la ley, y nos libra del poder del Diablo.<\/p>\n<p>As\u00ed que, por cuanto los hijos participaron de carne y sangre, \u00e9l tambi\u00e9n particip\u00f3 de lo mismo, para destruir por la muerte al que ten\u00eda el imperio de la muerte, es a saber, el diablo.<br \/>\nHEBREOS 1:14<\/p>\n<p>Aunque Cristo era el divino Hijo de Dios desde la eternidad, El se humillo a S\u00ed Mismo y tom\u00f3 la naturaleza humana en forma de cuerpo y alma \u00abNEFESH\u00bb.<\/p>\n<p>Jes\u00fas no tomo la naturaleza de los \u00e1ngeles para redimir al hombre ca\u00eddo, Cristo tom\u00f3 la naturaleza m\u00e1s elevada, como el Hijo divino de Dios, y la uni\u00f3 a la naturaleza m\u00e1s baja, la del hombre.<\/p>\n<p>Jes\u00fas sufri\u00f3 de lo m\u00e1s alto a lo m\u00e1s bajo, de modo que por Su Sangre redentora El pudo levantar al hombre desde lo m\u00e1s bajo hasta lo m\u00e1s alto.<\/p>\n<p>Antes de que Cristo muriera, el Diablo ten\u00eda las llaves de la muerte y del infierno, pero el resucitado SE\u00d1OR Jesucristo se levant\u00f3 de la muerte y del infierno con las llaves que el Diablo hab\u00eda robado.<\/p>\n<p>Por lo tanto, el hombre arrepentido no necesita tener miedo de la muerte o del Diablo.<\/p>\n<p>La Sangre redentora de Cristo ha liberado al creyente del pecado, de la muerte y del Diablo.<\/p>\n<p>Gracias a Dios por la Sangre redentora de nuestro Se\u00f1or Jesucristo.<\/p>\n<p>Dios les siga bendiciendo y los guarde ?<br \/>\n(Dios y la Sangre pag 225b, 226 y 227a Rev. B. R. Hicks)<\/p>\n","protected":false},"excerpt":{"rendered":"<p>Pastor Oscar Sanchez: Buen d\u00eda! Hoy continuamos con la tercera cosa terrena que trata de quebrantar la unidad y armon\u00eda del hombre con Dios. EL DIABLO. Cuando el Se\u00f1or Jes\u00fas puso Su tal\u00f3n crucificado sobre la cabeza de la simiente de la serpiente como fue profetizado, conquist\u00f3 y desarm\u00f3 el poder del Diablo. A trav\u00e9s [&hellip;]<\/p>\n","protected":false},"author":1,"featured_media":790,"comment_status":"closed","ping_status":"closed","sticky":false,"template":"","format":"standard","meta":{"_crdt_document":"","_monsterinsights_skip_tracking":false,"_monsterinsights_sitenote_active":false,"_monsterinsights_sitenote_note":"","_monsterinsights_sitenote_category":0,"footnotes":""},"categories":[3],"tags":[],"class_list":{"0":"post-789","1":"post","2":"type-post","3":"status-publish","4":"format-standard","5":"has-post-thumbnail","6":"hentry","7":"category-devocionales","9":"post-with-thumbnail","10":"post-with-thumbnail-large"},"aioseo_notices":[],"_links":{"self":[{"href":"https:\/\/radiocristianaenlinea.com\/radiocristiana\/wp-json\/wp\/v2\/posts\/789","targetHints":{"allow":["GET"]}}],"collection":[{"href":"https:\/\/radiocristianaenlinea.com\/radiocristiana\/wp-json\/wp\/v2\/posts"}],"about":[{"href":"https:\/\/radiocristianaenlinea.com\/radiocristiana\/wp-json\/wp\/v2\/types\/post"}],"author":[{"embeddable":true,"href":"https:\/\/radiocristianaenlinea.com\/radiocristiana\/wp-json\/wp\/v2\/users\/1"}],"replies":[{"embeddable":true,"href":"https:\/\/radiocristianaenlinea.com\/radiocristiana\/wp-json\/wp\/v2\/comments?post=789"}],"version-history":[{"count":1,"href":"https:\/\/radiocristianaenlinea.com\/radiocristiana\/wp-json\/wp\/v2\/posts\/789\/revisions"}],"predecessor-version":[{"id":791,"href":"https:\/\/radiocristianaenlinea.com\/radiocristiana\/wp-json\/wp\/v2\/posts\/789\/revisions\/791"}],"wp:featuredmedia":[{"embeddable":true,"href":"https:\/\/radiocristianaenlinea.com\/radiocristiana\/wp-json\/wp\/v2\/media\/790"}],"wp:attachment":[{"href":"https:\/\/radiocristianaenlinea.com\/radiocristiana\/wp-json\/wp\/v2\/media?parent=789"}],"wp:term":[{"taxonomy":"category","embeddable":true,"href":"https:\/\/radiocristianaenlinea.com\/radiocristiana\/wp-json\/wp\/v2\/categories?post=789"},{"taxonomy":"post_tag","embeddable":true,"href":"https:\/\/radiocristianaenlinea.com\/radiocristiana\/wp-json\/wp\/v2\/tags?post=789"}],"curies":[{"name":"wp","href":"https:\/\/api.w.org\/{rel}","templated":true}]}}