{"id":832,"date":"2016-05-06T10:36:12","date_gmt":"2016-05-06T15:36:12","guid":{"rendered":"https:\/\/radiocristianaenlinea.com\/radiocristiana\/?p=832"},"modified":"2016-05-06T10:48:03","modified_gmt":"2016-05-06T15:48:03","slug":"celebran-aniversario-de-boda-fermin-iv","status":"publish","type":"post","link":"https:\/\/radiocristianaenlinea.com\/radiocristiana\/2016\/05\/06\/celebran-aniversario-de-boda-fermin-iv\/","title":{"rendered":"CELEBRA ANIVERSARIO DE BODA-FERMIN IV"},"content":{"rendered":"<blockquote><p><strong><em>ESTE A\u00d1O ES DISTINTO ES LO QUE PUBLICO EL PASTOR FERMIN IV CUARTO EN REDES SOCIALES:\u00a0<\/em><\/strong><\/p><\/blockquote>\n<p><del><em>Este a\u00f1o ha sido distinto, con lo de mi recuperaci\u00f3n de la cirug\u00eda era imposible planear un viaje o incluso llevarla a cenar hoy. (Se la debo)<\/em><\/del><\/p>\n<p style=\"text-align: center;\">Dejo enlaces de la publicaci\u00f3n de Fermin IV<\/p>\n<p style=\"text-align: center;\"><a href=\"https:\/\/www.facebook.com\/ferminivc\/posts\/611564092324620:0\">https:\/\/www.facebook.com\/ferminivc\/posts\/611564092324620:0<\/a><\/p>\n<p style=\"text-align: center;\"><a href=\"https:\/\/www.facebook.com\/ferminivc\/posts\/611564092324620:0\">https:\/\/www.facebook.com\/ferminivc\/posts\/611564092324620:0<\/a><\/p>\n","protected":false},"excerpt":{"rendered":"<p>ESTE A\u00d1O ES DISTINTO ES LO QUE PUBLICO EL PASTOR FERMIN IV CUARTO EN REDES SOCIALES:\u00a0 Este a\u00f1o ha sido distinto, con lo de mi recuperaci\u00f3n de la cirug\u00eda era imposible planear un viaje o incluso llevarla a cenar hoy. (Se la debo) Dejo enlaces de la publicaci\u00f3n de Fermin IV https:\/\/www.facebook.com\/ferminivc\/posts\/611564092324620:0 https:\/\/www.facebook.com\/ferminivc\/posts\/611564092324620:0<\/p>\n","protected":false},"author":3,"featured_media":835,"comment_status":"closed","ping_status":"closed","sticky":false,"template":"","format":"standard","meta":{"_crdt_document":"","_monsterinsights_skip_tracking":false,"_monsterinsights_sitenote_active":false,"_monsterinsights_sitenote_note":"","_monsterinsights_sitenote_category":0,"footnotes":""},"categories":[29],"tags":[],"class_list":{"0":"post-832","1":"post","2":"type-post","3":"status-publish","4":"format-standard","5":"has-post-thumbnail","6":"hentry","7":"category-noticia-de-medios","9":"post-with-thumbnail","10":"post-with-thumbnail-large"},"aioseo_notices":[],"_links":{"self":[{"href":"https:\/\/radiocristianaenlinea.com\/radiocristiana\/wp-json\/wp\/v2\/posts\/832","targetHints":{"allow":["GET"]}}],"collection":[{"href":"https:\/\/radiocristianaenlinea.com\/radiocristiana\/wp-json\/wp\/v2\/posts"}],"about":[{"href":"https:\/\/radiocristianaenlinea.com\/radiocristiana\/wp-json\/wp\/v2\/types\/post"}],"author":[{"embeddable":true,"href":"https:\/\/radiocristianaenlinea.com\/radiocristiana\/wp-json\/wp\/v2\/users\/3"}],"replies":[{"embeddable":true,"href":"https:\/\/radiocristianaenlinea.com\/radiocristiana\/wp-json\/wp\/v2\/comments?post=832"}],"version-history":[{"count":7,"href":"https:\/\/radiocristianaenlinea.com\/radiocristiana\/wp-json\/wp\/v2\/posts\/832\/revisions"}],"predecessor-version":[{"id":849,"href":"https:\/\/radiocristianaenlinea.com\/radiocristiana\/wp-json\/wp\/v2\/posts\/832\/revisions\/849"}],"wp:featuredmedia":[{"embeddable":true,"href":"https:\/\/radiocristianaenlinea.com\/radiocristiana\/wp-json\/wp\/v2\/media\/835"}],"wp:attachment":[{"href":"https:\/\/radiocristianaenlinea.com\/radiocristiana\/wp-json\/wp\/v2\/media?parent=832"}],"wp:term":[{"taxonomy":"category","embeddable":true,"href":"https:\/\/radiocristianaenlinea.com\/radiocristiana\/wp-json\/wp\/v2\/categories?post=832"},{"taxonomy":"post_tag","embeddable":true,"href":"https:\/\/radiocristianaenlinea.com\/radiocristiana\/wp-json\/wp\/v2\/tags?post=832"}],"curies":[{"name":"wp","href":"https:\/\/api.w.org\/{rel}","templated":true}]}}