{"id":985,"date":"2016-10-31T21:52:39","date_gmt":"2016-11-01T03:52:39","guid":{"rendered":"https:\/\/radiocristianaenlinea.com\/radiocristiana\/?p=985"},"modified":"2016-11-16T18:13:57","modified_gmt":"2016-11-17T00:13:57","slug":"jovana-alcantara","status":"publish","type":"post","link":"https:\/\/radiocristianaenlinea.com\/radiocristiana\/2016\/10\/31\/jovana-alcantara\/","title":{"rendered":"Por el bullying me quise suicidar- Jovana Alc\u00e1ntara."},"content":{"rendered":"<p><strong>Trabajo Realizado por: Gabi Dos Santos y Flor Mendoza.<\/strong><br \/>\n<strong>Publidado por Radiocristianaenlinea.com<\/strong><\/p>\n<p>Jovana Alc\u00e1ntara, una joven de 24 a\u00f1os con par\u00e1lisis cerebral que ha encontrado el sentido de vivir en Dios.<\/p>\n<p>En entrevista para radiocristianaenlinea Jovana mencion\u00f3: \u201cYo nac\u00ed con una discapacidad f\u00edsica, tengo par\u00e1lisis cerebral; a mi mam\u00e1 se le complico el parto, me falto el aire\u00a8<\/p>\n<p>\u201cEn la secundar\u00eda fue cuando empez\u00f3 mi \u2018infierno\u2019, ah\u00ed me di cuenta que era diferente. Yo ya sab\u00eda que era diferente pero a\u00fan as\u00ed la gente me aceptaba, yo era una ni\u00f1a de buenas calificaciones, estudiosa y muy alegre, pero en secundar\u00eda baje de calificaciones, me hac\u00edan mucho bullying todos mis compa\u00f1eros, ya no le hablaba a nadie, yo lloraba y me la pasaba solita en los recreos\u201d, afirm\u00f3.<\/p>\n<p>-\u00bfPor qu\u00e9 no te cambiaron de escuela?<\/p>\n<p>&#8211; Porque la escuela era de paga y ten\u00eda beca, adem\u00e1s yo nunca le dije a nadie lo que me estaba pasando. Mi abuelito si se daba cuenta de que algo \u00a0ten\u00eda, porque yo era una chica muy alegre, y a ra\u00edz de eso me empec\u00e9 a alejar de todos y me convert\u00ed en una persona triste. Y mi abuelo si me dec\u00eda que porque ya no quer\u00eda ir a la escuela, si a m\u00ed me gustaba mucho estudiar.<\/p>\n<p>-\u00bfY por qu\u00e9 nunca les dijiste lo que te estaba pasando?<\/p>\n<p>-Porque me daba mucha pena, como miedo.<\/p>\n<p>\u201cCuando acabe primero de prepa, reprob\u00e9 todas mis materias y mi abuelito me saco de la escuela, \u00e9l ya estaba enojado conmigo, y desde ah\u00ed me deprim\u00ed porque ya no hac\u00eda nada, a la vez era bueno porque ya no ten\u00eda que aguantar los comentarios de nadie, ni las burlas; pero despu\u00e9s empez\u00f3 otra vez la depresi\u00f3n, me empec\u00e9 a creer todo lo que me hab\u00edan dicho y aparte miembros de mi familia, como mis t\u00edas me echaban tierra, me dec\u00edan que yo nunca me iba a casar, lo t\u00edpico que le dicen a alguien que tiene discapacidad, porque mi sue\u00f1o era ese, casarme.<\/p>\n<p>-\u00bfQu\u00e9 hac\u00edas para quitarte la depresi\u00f3n?<\/p>\n<p>-Me cortaba los brazos, esa era mi forma de sacar el dolor y la frustraci\u00f3n, s\u00f3lo que se vuelve una adicci\u00f3n el cortarte y m\u00e1s cuando piensas que tu vida no tiene sentido, porque eso es lo que yo pensaba, que mi vida ser\u00eda muy mediocre, sin amigos, sin nadie con quien compartirla. Estaba muy mal, no sal\u00eda de mi cuarto, me la pasaba acostada, no quer\u00eda ser una carga para mi familia; Quer\u00eda ser una ni\u00f1a normal, y le daba se\u00f1ales a mis abuelitos les dec\u00eda que ya no quer\u00eda vivir, pero ellos me tiraban de a loca.<\/p>\n<p>-\u00bfIntentaste suicidarte?<\/p>\n<p>-S\u00ed, recuerdo que una noche yo estaba en mi depresi\u00f3n y dije \u2018ya no me basta con cortarme, yo me quiero morir\u2019, as\u00ed que ya cuando todos estaban dormidos saque el c\u00fater y estaba dispuesta a cortarme las venas, pero cuando lo iba hacer, sent\u00ed en mi coraz\u00f3n que Dios me dec\u00eda que para \u00c9l era muy preciada y que ten\u00eda planes para mi muy grandes, y que aunque la gente me menospreciara \u00c9l me amaba, entonces solt\u00e9 el c\u00fater.<\/p>\n<p>-\u00bfQu\u00e9 pas\u00f3 despu\u00e9s de esa noche?<\/p>\n<p>-Pues desde ah\u00ed fue un proceso, porque segu\u00eda sintiendo mucha tristeza. Hasta que un d\u00eda Dios me hablo en sue\u00f1o, \u2018te quiero sanar pero por dentro\u2019 y ah\u00ed fue cuando me acerque a Dios y empez\u00f3 mi proceso de restauraci\u00f3n.<\/p>\n<p>\u201cLa verdad yo ya no quer\u00eda saber nada de \u00c9l, estaba enojada con Dios y le dec\u00eda \u2018si eres un Dios bueno porque permitiste que naciera as\u00ed y porque permites que me hagan da\u00f1o\u2019, y cuando Dios me habla empec\u00e9 a orar, ah\u00ed fue mi reconciliaci\u00f3n con \u00c9l. Dios me ayud\u00f3 a perdonar a las personas que me hab\u00edan hecho da\u00f1o y desde ah\u00ed empez\u00f3 la sanaci\u00f3n de mi coraz\u00f3n y de mi autoestima\u201d<\/p>\n<p>-Tienes una p\u00e1gina que se llama \u201cNo al suicidio\u201d, \u00bfc\u00f3mo iniciaste esto?<\/p>\n<p>-S\u00ed, ya tengo a\u00f1o y medio con este proyecto. Empez\u00f3 porque un d\u00eda que estaba orando le dije a Dios que me dijera qu\u00e9 es lo que \u00c9l quer\u00eda para m\u00ed, y me dijo que quer\u00eda que le hablara a la gente de esto que me paso. Al principio no quer\u00eda, me reusaba a platicar mi historia, por pena, segu\u00eda un poco afectada. S\u00f3lo que Dios fue muy insistente, me pase muchas noches sin poder dormir y Dios siempre me dec\u00eda que hiciera un video d\u00f3nde contaba todo.<\/p>\n<p>\u201cHice el video una noche, d\u00f3nde no pod\u00eda dormir. Cuando acabe el video y lo vi me sorprend\u00ed porque quedo muy bien, ah\u00ed cont\u00e9 todo lo que hab\u00eda vivido y por primera vez mi familia supo que me trate de suicidar, para ellos fue un golpe muy duro\u201d<\/p>\n<p>-\u00bfQu\u00e9 paso con ese video?<\/p>\n<p>-Lo publique en mi Facebook, lo puse para que lo vieran s\u00f3lo amigos y desde que lo sib\u00ed empec\u00e9 a recibir comentarios y likes. Al siguiente d\u00eda eran m\u00e1s los comentarios d\u00f3nde me felicitaban por atreverme a dar este testimonio, otros me dec\u00edan que ellos est\u00e1n pasando por una situaci\u00f3n similar, y vi que mi video estaba siendo compartido. Cuando vi esto supe de la necesidad que las personas ten\u00edan de Dios, por eso me decid\u00ed a hacer la p\u00e1gina de \u201cNo al suicidio\u201d.<\/p>\n<p>\u201cA partir de ah\u00ed mi vida ha sido una aventura, muchas personas me andan mensajes cont\u00e1ndome sus problemas y Dios me permite darles consejos y hablarles de su amor. Tambi\u00e9n me han invitado a dar conferencias y platicas a varios lados. El que m\u00e1s me ha marcado es el que di en Torre\u00f3n, yo fui la invitada especial, se dieron tres conferencias\u00a0 y hable del suicidio y el bullying, fue algo muy hermoso.\u201d<\/p>\n<p>-\u00bfQu\u00e9 m\u00e1s te gusta hacer?<\/p>\n<p>-Me gusta mucho escribir, de hecho tengo un blog y ah\u00ed escribo todo lo que Dios pone en mi coraz\u00f3n, ha tenido mucha aceptaci\u00f3n de la gente. Tambi\u00e9n hace como tres a\u00f1os empec\u00e9 a escribir un libro dando mi testimonio, ya lo tengo, ahora s\u00f3lo me falta buscar a alguien que lo patrocine, una editorial y a alguien que me cheque bien la ortograf\u00eda y la redacci\u00f3n.<\/p>\n<p>-\u00bfC\u00f3mo es que Dios ha cambiado tu vida?<\/p>\n<p>-Mucho, primero Dios empez\u00f3 a restaurarme y me rodeo de gente buena que me ama, me ha llevado a m\u00e1s de lo que he podido imaginar, por ejemplo, yo nunca imagine dar conferencias o tener una p\u00e1gina, yo ten\u00eda otros planes, y Dios cambio todo eso: pienso que lo hizo porque mis planes eran todos para m\u00ed y lo de la p\u00e1gina y las conferencias no es par m\u00ed, sino para ayudar a la gente. Por eso es que Dios cambia las cosas.<\/p>\n<p>-\u00bfQu\u00e9 sigue para Jovana?<\/p>\n<p>-No s\u00e9, ahorita estoy en el paso de fe, a lo que Dios me diga; debo confesar algo, cuando regrese de Torre\u00f3n, como que se dio mucha pausa a las conferencias, si me invitaban pero por alguna u otra raz\u00f3n se cancelaban, esto fue dif\u00edcil para m\u00ed, porque me di cuenta que depend\u00eda mucho de las invitaciones. Hasta que hace poco Dios llamo a mi vida y me dijo \u2018no est\u00e1s aqu\u00ed para estar arriba de una plataforma o en un pulpito, estas aqu\u00ed para ayudar a los de afuera\u2019, as\u00ed que me puse a hacer m\u00e1s videos. Cont\u00e1ndoles a las personas el inmenso amor de Dios y c\u00f3mo es que Dios en verdad sana corazones.<\/p>\n<p>\u201cDios no nos ha prometido una vida f\u00e1cil, pero si ha prometido que siempre va a estar con nosotros, si en verdad quieren tener una vida plena, busquen a Jes\u00fas\u201d<\/p>\n<p>Publicado por:<br \/>\nGabi Dos Santos y Flor Mendoza. <\/p>\n","protected":false},"excerpt":{"rendered":"<p>Trabajo Realizado por: Gabi Dos Santos y Flor Mendoza. Publidado por Radiocristianaenlinea.com Jovana Alc\u00e1ntara, una joven de 24 a\u00f1os con par\u00e1lisis cerebral que ha encontrado el sentido de vivir en Dios. En entrevista para radiocristianaenlinea Jovana mencion\u00f3: \u201cYo nac\u00ed con una discapacidad f\u00edsica, tengo par\u00e1lisis cerebral; a mi mam\u00e1 se le complico el parto, me [&hellip;]<\/p>\n","protected":false},"author":1,"featured_media":991,"comment_status":"closed","ping_status":"closed","sticky":false,"template":"","format":"standard","meta":{"_crdt_document":"","_monsterinsights_skip_tracking":false,"_monsterinsights_sitenote_active":false,"_monsterinsights_sitenote_note":"","_monsterinsights_sitenote_category":0,"footnotes":""},"categories":[29],"tags":[],"class_list":{"0":"post-985","1":"post","2":"type-post","3":"status-publish","4":"format-standard","5":"has-post-thumbnail","6":"hentry","7":"category-noticia-de-medios","9":"post-with-thumbnail","10":"post-with-thumbnail-large"},"aioseo_notices":[],"_links":{"self":[{"href":"https:\/\/radiocristianaenlinea.com\/radiocristiana\/wp-json\/wp\/v2\/posts\/985","targetHints":{"allow":["GET"]}}],"collection":[{"href":"https:\/\/radiocristianaenlinea.com\/radiocristiana\/wp-json\/wp\/v2\/posts"}],"about":[{"href":"https:\/\/radiocristianaenlinea.com\/radiocristiana\/wp-json\/wp\/v2\/types\/post"}],"author":[{"embeddable":true,"href":"https:\/\/radiocristianaenlinea.com\/radiocristiana\/wp-json\/wp\/v2\/users\/1"}],"replies":[{"embeddable":true,"href":"https:\/\/radiocristianaenlinea.com\/radiocristiana\/wp-json\/wp\/v2\/comments?post=985"}],"version-history":[{"count":5,"href":"https:\/\/radiocristianaenlinea.com\/radiocristiana\/wp-json\/wp\/v2\/posts\/985\/revisions"}],"predecessor-version":[{"id":990,"href":"https:\/\/radiocristianaenlinea.com\/radiocristiana\/wp-json\/wp\/v2\/posts\/985\/revisions\/990"}],"wp:featuredmedia":[{"embeddable":true,"href":"https:\/\/radiocristianaenlinea.com\/radiocristiana\/wp-json\/wp\/v2\/media\/991"}],"wp:attachment":[{"href":"https:\/\/radiocristianaenlinea.com\/radiocristiana\/wp-json\/wp\/v2\/media?parent=985"}],"wp:term":[{"taxonomy":"category","embeddable":true,"href":"https:\/\/radiocristianaenlinea.com\/radiocristiana\/wp-json\/wp\/v2\/categories?post=985"},{"taxonomy":"post_tag","embeddable":true,"href":"https:\/\/radiocristianaenlinea.com\/radiocristiana\/wp-json\/wp\/v2\/tags?post=985"}],"curies":[{"name":"wp","href":"https:\/\/api.w.org\/{rel}","templated":true}]}}